{"id":61972,"date":"2019-09-22T15:27:46","date_gmt":"2019-09-22T19:27:46","guid":{"rendered":"https:\/\/linitiative.ca\/International\/election-presidentielle-talaie-el-hourryet-sur-la-ligne-de-depart\/"},"modified":"2019-09-22T15:27:46","modified_gmt":"2019-09-22T19:27:46","slug":"election-presidentielle-talaie-el-hourryet-sur-la-ligne-de-depart","status":"publish","type":"post","link":"https:\/\/linitiative.ca\/International\/election-presidentielle-talaie-el-hourryet-sur-la-ligne-de-depart\/","title":{"rendered":"Election pr\u00e9sidentielle : Talaie El Hourryet sur la ligne de d\u00e9part"},"content":{"rendered":"<p>Talaie El Hourryet, le parti de Ali Benflis, s\u2019est d\u00e9j\u00e0 plac\u00e9 sur la ligne de d\u00e9part pour la prochaine \u00e9lection pr\u00e9sidentielle, pr\u00e9vue le 12 d\u00e9cembre, en organisant, \u00e0 la fin de la semaine prochaine \u00e0 Alger, une session \u00e0 l\u2019issue de laquelle son pr\u00e9sident devrait annoncer officiellement sa candidature.<\/p>\n<p>Le parti de Ali Benflis tiendra le jeudi 26 septembre la 7e session de son comit\u00e9 central \u00e0 A\u00efn Benian, selon un communiqu\u00e9 du parti d\u2019Ali Benflis.<\/p>\n<p>Au programme de cette r\u00e9union la participation du parti, et donc de son chef Ali Benflis, \u00e0 la pr\u00e9sidentielle du 12 d\u00e9cembre. Le pr\u00e9sident de Talaie El Hourryet avait jeudi, \u00ab\u00a0officialis\u00e9\u00a0\u00bb sa candidature \u00e0 cette \u00e9lection en retirant les formulaires de souscription de signatures.<\/p>\n<p>La participation de Ali Benflis, candidat malheureux \u00e0 la pr\u00e9sidentielle de 2004 et celle de 2014, ne fait plus aucun doute. Dans une tribune publi\u00e9 sur Le Soir d\u2019Alg\u00e9rie, il explique que \u00ab\u00a0l\u2019horizon semble se d\u00e9gager. Les perspectives s\u2019ouvrent. L\u2019impasse n\u2019appara\u00eet plus comme insurmontable. Jamais notre pays n\u2019a \u00e9t\u00e9 aussi proche de la sortie de crise. Et jamais l\u2019\u00e9lection pr\u00e9sidentielle n\u2019est apparue aussi propice \u00e0 cette sortie de crise\u2026.\u00a0\u00bb<\/p>\n<p>L\u2019autorisation accord\u00e9e au parti de Benflis pour tenir son comit\u00e9 central \u00e0 l\u2019ESHR d\u2019A\u00efn B\u00e9nian par la wilaya d\u2019Alger \u00e9tonne, puisque cette m\u00eame autorit\u00e9 avait dit non \u00e0 son parti pour organiser une r\u00e9union de son comit\u00e9 central \u00e0 la Mutualit\u00e9 des travailleurs du b\u00e2timent de Z\u00e9ralda afin de trancher sur sa participation au scrutin annul\u00e9 du 28 avril.<\/p>\n<p>Le pr\u00e9sident du MSP Abderrazak Makri a d\u00e9nonc\u00e9 le refus du minist\u00e8re de l\u2019Int\u00e9rieur d\u2019octroyer une salle \u00e0 son parti pour organiser un rassemblement populaire \u00e0 Mascara. Abderrazak Makri a d\u00e9nonc\u00e9 dans un communiqu\u00e9, samedi, le refus des autorit\u00e9s d\u2019accorder l\u2019autorisation pour la tenue d\u2019une meeting du parti \u00e0 Mascara.<\/p>\n<p>\u00ab\u00a0Pour la deuxi\u00e8me fois, nous sommes priv\u00e9s de l\u2019organisation d\u2019un meeting populaire. Apr\u00e8s Boumerd\u00e8s, le 25 ao\u00fbt dernier, nous n\u2019avons, encore une fois, pas obtenu une autorisation \u00e0 Mascara de la part du minist\u00e8re de l\u2019Int\u00e9rieur\u00a0\u00bb, explique-t-il.<\/p>\n<p>Auparavant, les Forces de l\u2019alternative d\u00e9mocratique (RCD, FFS, PT, MDS, PST, UCP, LADDH, PLD, etc.) et le RAJ n\u2019avaient pas r\u00e9ussi \u00e0 obtenir d\u2019autorisations pour organiser des rencontres politiques dans des salles.<\/p>\n<p>L\u2019organisation de la prochaine \u00e9lection pr\u00e9sidentielle et la candidature de Benflis sont-elles en train de changer la donne concernant les autorisations accord\u00e9es aux partis et au mouvement de la soci\u00e9t\u00e9 pour la tenue de meetings politiques\u00a0?<\/p>\n<p>Auteur: Boudjedri<br \/>\n<a href=\"http:\/\/www.jeune-independant.net\/Election-presidentielle-Talaie-El.html\">Cliquez ici pour lire l&rsquo;article depuis sa source.<\/a><\/p>\n","protected":false},"excerpt":{"rendered":"<p>Talaie El Hourryet, le parti de Ali Benflis, s\u2019est d\u00e9j\u00e0 plac\u00e9 sur la ligne de d\u00e9part pour la prochaine \u00e9lection pr\u00e9sidentielle, pr\u00e9vue le 12 d\u00e9cembre, en organisant, \u00e0 la fin de la semaine prochaine \u00e0 Alger, une session \u00e0 l\u2019issue de laquelle son pr\u00e9sident devrait annoncer officiellement sa candidature. Le parti de Ali Benflis tiendra [&hellip;]<\/p>\n","protected":false},"author":1737,"featured_media":0,"comment_status":"closed","ping_status":"closed","sticky":false,"template":"","format":"standard","meta":{"fifu_image_url":"","fifu_image_alt":"","footnotes":""},"categories":[73,53],"tags":[],"class_list":["post-61972","post","type-post","status-publish","format-standard","hentry","category-actualite","category-algerie"],"_links":{"self":[{"href":"https:\/\/linitiative.ca\/International\/wp-json\/wp\/v2\/posts\/61972","targetHints":{"allow":["GET"]}}],"collection":[{"href":"https:\/\/linitiative.ca\/International\/wp-json\/wp\/v2\/posts"}],"about":[{"href":"https:\/\/linitiative.ca\/International\/wp-json\/wp\/v2\/types\/post"}],"author":[{"embeddable":true,"href":"https:\/\/linitiative.ca\/International\/wp-json\/wp\/v2\/users\/1737"}],"replies":[{"embeddable":true,"href":"https:\/\/linitiative.ca\/International\/wp-json\/wp\/v2\/comments?post=61972"}],"version-history":[{"count":0,"href":"https:\/\/linitiative.ca\/International\/wp-json\/wp\/v2\/posts\/61972\/revisions"}],"wp:attachment":[{"href":"https:\/\/linitiative.ca\/International\/wp-json\/wp\/v2\/media?parent=61972"}],"wp:term":[{"taxonomy":"category","embeddable":true,"href":"https:\/\/linitiative.ca\/International\/wp-json\/wp\/v2\/categories?post=61972"},{"taxonomy":"post_tag","embeddable":true,"href":"https:\/\/linitiative.ca\/International\/wp-json\/wp\/v2\/tags?post=61972"}],"curies":[{"name":"wp","href":"https:\/\/api.w.org\/{rel}","templated":true}]}}