{"id":61977,"date":"2019-09-22T05:01:16","date_gmt":"2019-09-22T09:01:16","guid":{"rendered":"https:\/\/linitiative.ca\/International\/la-police-a-libere-les-manifestants-arretes-actions-en-vue-pour-les-familles-des-detenus\/"},"modified":"2019-09-22T05:01:16","modified_gmt":"2019-09-22T09:01:16","slug":"la-police-a-libere-les-manifestants-arretes-actions-en-vue-pour-les-familles-des-detenus","status":"publish","type":"post","link":"https:\/\/linitiative.ca\/International\/la-police-a-libere-les-manifestants-arretes-actions-en-vue-pour-les-familles-des-detenus\/","title":{"rendered":"La police a lib\u00e9r\u00e9 les manifestants arr\u00eat\u00e9s : Actions en vue pour les familles des d\u00e9tenus"},"content":{"rendered":"<h4 class=\"title-14\"\/>\n<p class=\"p4\"><span class=\"s3\"><strong>L<\/strong><\/span><span class=\"s3\">es manifestants arr\u00eat\u00e9s lors de la marche du vendredi ont \u00e9t\u00e9 lib\u00e9r\u00e9s le soir m\u00eame et le lendemain. Ainsi, l\u2019avocat de Boumerd\u00e8s, M<sup>e<\/sup> Abdelhak Mellah, interpell\u00e9 par des policiers en civil le matin \u00e0 la marche d\u2019Alger, a \u00e9t\u00e9 lib\u00e9r\u00e9 en d\u00e9but de soir\u00e9e. Figure du barreau, cet ancien juge est engag\u00e9 dans le mouvement populaire et a plaid\u00e9 pour le boycott de l\u2019organisation des \u00e9lections pr\u00f4n\u00e9e par l\u2019Union des barreaux d\u2019Alg\u00e9rie (UNBA).<\/span><\/p>\n<p class=\"p5\"><span class=\"s3\"><em>\u00abTous les gens arr\u00eat\u00e9s hier (vendredi) ont \u00e9t\u00e9 lib\u00e9r\u00e9s. Les quatre manifestants interpell\u00e9s \u00e0 Oran par la police pour port du drapeau amazigh ont \u00e9t\u00e9 lib\u00e9r\u00e9s le soir m\u00eame, gr\u00e2ce \u00e0 la forte mobilisation citoyenne.<\/em> <em>Des avocats et des activistes parmi eux, Kadour Chouicha, s\u2019\u00e9taient d\u00e9plac\u00e9s au commissariat central. La lib\u00e9ration des personnes interpell\u00e9es est intervenue juste apr\u00e8s\u00bb<\/em>, rel\u00e8ve Kaci Tansaout, coordinateur du Comit\u00e9 national pour la lib\u00e9ration des d\u00e9tenus (CNLD).<\/span><\/p>\n<p class=\"p5\"><span class=\"s3\">Le jeune activiste de Annaba, Zakaria Boussaha, arr\u00eat\u00e9 \u00e0 un barrage de la gendarmerie et plac\u00e9 en garde \u00e0 vue apr\u00e8s la marche du vendredi \u00e0 Sidi Ammar, a \u00e9t\u00e9 lib\u00e9r\u00e9 en fin d\u2019apr\u00e8s-midi d\u2019hier. Le jeune Boussaha animait une page Facebook, \u00abLa r\u00e9volution blanche\u00bb, qui s\u2019int\u00e9ressait \u00e0 l\u2019actualit\u00e9 des d\u00e9tenus d\u2019opinion, a pr\u00e9cis\u00e9 le Comit\u00e9 des d\u00e9tenus, qui a annonc\u00e9 dans un pr\u00e9c\u00e9dent post que le concern\u00e9 devait \u00eatre pr\u00e9sent\u00e9 aujourd\u2019hui devant le procureur de la R\u00e9publique pr\u00e8s le tribunal d\u2019El Hadjar.<\/span><\/p>\n<p class=\"p5\"><span class=\"s3\">Ces derniers jours, des manifestants ont \u00e9t\u00e9 arr\u00eat\u00e9s par les forces de l\u2019ordre et pr\u00e9sent\u00e9s devant le procureur de la R\u00e9publique qui les a plac\u00e9s sous mandat de d\u00e9p\u00f4t\u00a0: en plus des 24 d\u00e9tenus du 30<sup>e<\/sup> vendredi (13 septembre), il y en a eu 6 lors du dernier mardi de la marche hebdomadaire des \u00e9tudiants. <em>\u00abUne \u00e9tudiante a \u00e9t\u00e9 arr\u00eat\u00e9e pour port d\u2019une pancarte. Elle a expliqu\u00e9 au juge que quelqu\u2019un la lui avait donn\u00e9e, mais qu\u2019elle ignore l\u2019identit\u00e9 de la personne en question. Il y a un cas autrement plus grave, celui d\u2019un malade mental arr\u00eat\u00e9 lors de la marche et plac\u00e9 sous mandat de d\u00e9p\u00f4t. Son fr\u00e8re a d\u00fb pr\u00e9senter son dossier m\u00e9dical. On esp\u00e8re qu\u2019il sera lib\u00e9r\u00e9. Mais sans trop d\u2019illusion\u00bb<\/em>, signale Tansaout.<\/span><\/p>\n<p class=\"p5\"><span class=\"s3\">Un cas a \u00e9mu l\u2019opinion ces derniers jours, celui du moudjahid Garidi Hamidou, 76 ans, arr\u00eat\u00e9 \u00e0 l\u2019entr\u00e9e d\u2019une bouche du m\u00e9tro, vendredi 13\u00a0septembre et pr\u00e9sent\u00e9 le m\u00eame jour devant le procureur de la R\u00e9publique pr\u00e8s le tribunal de Hussein Dey, sans que sa famille ne soit inform\u00e9e. <em>\u00abLes gens ont perdu sa trace. Son fils Hassan a appris son lieu de d\u00e9tention par son cod\u00e9tenu, Rasselma\u00bb<\/em>, pr\u00e9cise le coordinateur du CNLD.<\/span><\/p>\n<p class=\"p5\"><span class=\"s3\">A ce jour, quelque 70 d\u00e9tenus croupissent \u00e0 la prison d\u2019El Harrach, parmi lesquels le commandant Lakhdar Bourega\u00e2 et Fodil Boumala. <em>\u00abIl y a d\u2019abord les 41 premiers d\u00e9tenus rejoints par les 24 du vendredi 13 et les 6 du dernier mardi de la marche des \u00e9tudiants. La plupart des personnes plac\u00e9es en d\u00e9tention pr\u00e9ventive sont des jeunes. Ils ont moins de 35 ans. Les premiers mis en cause sont accus\u00e9s d\u2019\u2018\u2018atteinte \u00e0 l\u2019unit\u00e9 nationale\u2019\u2019, et les derniers d\u2019\u2018\u2018incitation \u00e0 attroupement\u2019\u2019 et \u2018\u2018atteinte \u00e0 la s\u00e9curit\u00e9 de l\u2019Etat\u2019\u2019\u00bb<\/em>, d\u00e9taille M. Tansaout.<\/span><\/p>\n<p class=\"p5\"><span class=\"s3\">Hier, des membres du CNLD se sont r\u00e9unis et ont adopt\u00e9 le principe d\u2019une action commune \u2013 marche ou sit-in \u2013 en dehors de l\u2019action hebdomadaire du vendredi, signale le coordinateur. Pr\u00e9cisons que Mourad Amiri, fonctionnaire au minist\u00e8re de l\u2019Int\u00e9rieur et des Collectivit\u00e9s locales, compara\u00eetra en audience devant le juge au tribunal Sidi M\u2019hamed aujourd\u2019hui, dans une affaire l\u2019opposant \u00e0 l\u2019actuel ministre de l\u2019Int\u00e9rieur. Un appel a \u00e9t\u00e9 lanc\u00e9, hier, pour un sit-in devant le tribunal afin d\u2019exiger l\u2019annulation de toutes les poursuites judiciaires.<\/span><\/p>\n<p><span class=\"post-views-label\">Post Views:<\/span> <span class=\"post-views-count\">2\u00a0607<\/span><\/p>\n<p><br class=\"c4\"\/><\/p>\n<p>Auteur: Anis Khecheba<br \/>\n<a href=\"https:\/\/www.elwatan.com\/edition\/actualite\/actions-en-vue-pour-les-familles-des-detenus-22-09-2019\">Cliquez ici pour lire l&rsquo;article depuis sa source.<\/a><\/p>\n","protected":false},"excerpt":{"rendered":"<p>Les manifestants arr\u00eat\u00e9s lors de la marche du vendredi ont \u00e9t\u00e9 lib\u00e9r\u00e9s le soir m\u00eame et le lendemain. Ainsi, l\u2019avocat de Boumerd\u00e8s, Me Abdelhak Mellah, interpell\u00e9 par des policiers en civil le matin \u00e0 la marche d\u2019Alger, a \u00e9t\u00e9 lib\u00e9r\u00e9 en d\u00e9but de soir\u00e9e. Figure du barreau, cet ancien juge est engag\u00e9 dans le mouvement [&hellip;]<\/p>\n","protected":false},"author":1743,"featured_media":0,"comment_status":"closed","ping_status":"closed","sticky":false,"template":"","format":"standard","meta":{"fifu_image_url":"","fifu_image_alt":"","footnotes":""},"categories":[73,53],"tags":[],"class_list":["post-61977","post","type-post","status-publish","format-standard","hentry","category-actualite","category-algerie"],"_links":{"self":[{"href":"https:\/\/linitiative.ca\/International\/wp-json\/wp\/v2\/posts\/61977","targetHints":{"allow":["GET"]}}],"collection":[{"href":"https:\/\/linitiative.ca\/International\/wp-json\/wp\/v2\/posts"}],"about":[{"href":"https:\/\/linitiative.ca\/International\/wp-json\/wp\/v2\/types\/post"}],"author":[{"embeddable":true,"href":"https:\/\/linitiative.ca\/International\/wp-json\/wp\/v2\/users\/1743"}],"replies":[{"embeddable":true,"href":"https:\/\/linitiative.ca\/International\/wp-json\/wp\/v2\/comments?post=61977"}],"version-history":[{"count":0,"href":"https:\/\/linitiative.ca\/International\/wp-json\/wp\/v2\/posts\/61977\/revisions"}],"wp:attachment":[{"href":"https:\/\/linitiative.ca\/International\/wp-json\/wp\/v2\/media?parent=61977"}],"wp:term":[{"taxonomy":"category","embeddable":true,"href":"https:\/\/linitiative.ca\/International\/wp-json\/wp\/v2\/categories?post=61977"},{"taxonomy":"post_tag","embeddable":true,"href":"https:\/\/linitiative.ca\/International\/wp-json\/wp\/v2\/tags?post=61977"}],"curies":[{"name":"wp","href":"https:\/\/api.w.org\/{rel}","templated":true}]}}