{"id":61978,"date":"2019-09-22T05:01:24","date_gmt":"2019-09-22T09:01:24","guid":{"rendered":"https:\/\/linitiative.ca\/International\/en-raison-de-son-etat-de-sante-le-general-toufik-risque-detre-absent-au-proces\/"},"modified":"2019-09-22T05:01:24","modified_gmt":"2019-09-22T09:01:24","slug":"en-raison-de-son-etat-de-sante-le-general-toufik-risque-detre-absent-au-proces","status":"publish","type":"post","link":"https:\/\/linitiative.ca\/International\/en-raison-de-son-etat-de-sante-le-general-toufik-risque-detre-absent-au-proces\/","title":{"rendered":"En raison de son \u00e9tat de sant\u00e9, le g\u00e9n\u00e9ral Toufik risque d\u2019\u00eatre absent au proc\u00e8s"},"content":{"rendered":"<h4 class=\"title-14\"\/>\n<p class=\"p3\"><span class=\"s2\"><strong>Le g\u00e9n\u00e9ral de corps d\u2019arm\u00e9e \u00e0 la retraite Mohamed Medi\u00e8ene, dit Toufik, ancien patron du d\u00e9funt D\u00e9partement du renseignement et de la s\u00e9curit\u00e9 (DRS), risque d\u2019\u00eatre absent \u00e0 l\u2019ouverture de son proc\u00e8s pr\u00e9vu demain au tribunal militaire de Blida.<\/strong><\/span><\/p>\n<p class=\"p3\"><span class=\"s2\"><strong>Gravement malade, son \u00e9tat de sant\u00e9 pourrait ne pas lui permettre d\u2019\u00eatre pr\u00e9sent \u00e0 l\u2019audience, r\u00e9v\u00e8lent ses proches et un de ses avocats, M<sup>e<\/sup> Miloud Brahimi.<\/strong> <em>\u00abLa blessure au niveau de l\u2019omoplate, caus\u00e9e par une chute accidentelle \u00e0 la prison, ne fait que s\u2019infecter et n\u00e9cessite une deuxi\u00e8me intervention chirurgicale qui doit \u00eatre programm\u00e9e en urgence. L\u2019accus\u00e9 ne peut pas se lever ni tenir sur une chaise. Il est peu probable qu\u2019il puisse \u00eatre jug\u00e9 lundi\u00bb,<\/em> <strong>r\u00e9v\u00e8le M<sup>e<\/sup> Brahimi.<\/strong><\/span><\/p>\n<p class=\"p3\"><span class=\"s2\"><strong>La famille Medi\u00e8ne avait alert\u00e9 l\u2019opinion publique \u00e0 deux reprises, \u00e0 travers une lettre ouverte, sur la<\/strong> <em>\u00abd\u00e9gradation\u00bb<\/em> <strong>de l\u2019\u00e9tat de sant\u00e9 du g\u00e9n\u00e9ral et exig\u00e9<\/strong> <em>\u00abdes soins appropri\u00e9s \u00e0 la hauteur de la fracture extr\u00eamement grave\u00bb<\/em> <strong>au niveau de l\u2019omoplate qui risque, selon eux, de<\/strong> <em>\u00abgangrener\u2026\u00bb.<\/em><strong>\u00a0<\/strong><\/span><\/p>\n<p><span class=\"post-views-label\">Post Views:<\/span> <span class=\"post-views-count\">4\u00a0551<\/span><\/p>\n<p><br class=\"c4\"\/><\/p>\n<p>Auteur: Anis Khecheba<br \/>\n<a href=\"https:\/\/www.elwatan.com\/edition\/actualite\/en-raison-de-son-etat-de-sante-le-general-toufik-risque-detre-absent-au-proces-22-09-2019\">Cliquez ici pour lire l&rsquo;article depuis sa source.<\/a><\/p>\n","protected":false},"excerpt":{"rendered":"<p>Le g\u00e9n\u00e9ral de corps d\u2019arm\u00e9e \u00e0 la retraite Mohamed Medi\u00e8ene, dit Toufik, ancien patron du d\u00e9funt D\u00e9partement du renseignement et de la s\u00e9curit\u00e9 (DRS), risque d\u2019\u00eatre absent \u00e0 l\u2019ouverture de son proc\u00e8s pr\u00e9vu demain au tribunal militaire de Blida. Gravement malade, son \u00e9tat de sant\u00e9 pourrait ne pas lui permettre d\u2019\u00eatre pr\u00e9sent \u00e0 l\u2019audience, r\u00e9v\u00e8lent [&hellip;]<\/p>\n","protected":false},"author":1743,"featured_media":0,"comment_status":"closed","ping_status":"closed","sticky":false,"template":"","format":"standard","meta":{"fifu_image_url":"","fifu_image_alt":"","footnotes":""},"categories":[73,53],"tags":[],"class_list":["post-61978","post","type-post","status-publish","format-standard","hentry","category-actualite","category-algerie"],"_links":{"self":[{"href":"https:\/\/linitiative.ca\/International\/wp-json\/wp\/v2\/posts\/61978","targetHints":{"allow":["GET"]}}],"collection":[{"href":"https:\/\/linitiative.ca\/International\/wp-json\/wp\/v2\/posts"}],"about":[{"href":"https:\/\/linitiative.ca\/International\/wp-json\/wp\/v2\/types\/post"}],"author":[{"embeddable":true,"href":"https:\/\/linitiative.ca\/International\/wp-json\/wp\/v2\/users\/1743"}],"replies":[{"embeddable":true,"href":"https:\/\/linitiative.ca\/International\/wp-json\/wp\/v2\/comments?post=61978"}],"version-history":[{"count":0,"href":"https:\/\/linitiative.ca\/International\/wp-json\/wp\/v2\/posts\/61978\/revisions"}],"wp:attachment":[{"href":"https:\/\/linitiative.ca\/International\/wp-json\/wp\/v2\/media?parent=61978"}],"wp:term":[{"taxonomy":"category","embeddable":true,"href":"https:\/\/linitiative.ca\/International\/wp-json\/wp\/v2\/categories?post=61978"},{"taxonomy":"post_tag","embeddable":true,"href":"https:\/\/linitiative.ca\/International\/wp-json\/wp\/v2\/tags?post=61978"}],"curies":[{"name":"wp","href":"https:\/\/api.w.org\/{rel}","templated":true}]}}