{"id":61979,"date":"2019-09-22T05:01:31","date_gmt":"2019-09-22T09:01:31","guid":{"rendered":"https:\/\/linitiative.ca\/International\/proces-de-louisa-hanoune-lalternative-democratique-reclame-sa-relaxe\/"},"modified":"2019-09-22T05:01:31","modified_gmt":"2019-09-22T09:01:31","slug":"proces-de-louisa-hanoune-lalternative-democratique-reclame-sa-relaxe","status":"publish","type":"post","link":"https:\/\/linitiative.ca\/International\/proces-de-louisa-hanoune-lalternative-democratique-reclame-sa-relaxe\/","title":{"rendered":"Proc\u00e8s de Louisa Hanoune :\u00a0L\u2019Alternative d\u00e9mocratique r\u00e9clame sa \u00abrelaxe\u00bb"},"content":{"rendered":"<h4 class=\"title-14\"\/>\n<div class=\"featured_image\"><img width=\"480\" height=\"417\" data-cfsrc=\"https:\/\/www.elwatan.com\/wp-content\/uploads\/2019\/06\/Louisa-Hanoune.jpg\" class=\"attachment-post-thumbnail size-post-thumbnail wp-post-image c2\" alt=\"\" srcset=\"https:\/\/www.elwatan.com\/wp-content\/uploads\/2019\/06\/Louisa-Hanoune.jpg 480w, https:\/\/www.elwatan.com\/wp-content\/uploads\/2019\/06\/Louisa-Hanoune-300x261.jpg 300w\" sizes=\"(max-width: 480px) 100vw, 480px\"\/><noscript><\/p>\n<p><img loading=\"lazy\" decoding=\"async\" width=\"480\" height=\"417\" src=\"https:\/\/www.elwatan.com\/wp-content\/uploads\/2019\/06\/Louisa-Hanoune.jpg\" class=\"attachment-post-thumbnail size-post-thumbnail wp-post-image\" alt=\"\" srcset=\"https:\/\/www.elwatan.com\/wp-content\/uploads\/2019\/06\/Louisa-Hanoune.jpg 480w, https:\/\/www.elwatan.com\/wp-content\/uploads\/2019\/06\/Louisa-Hanoune-300x261.jpg 300w\" sizes=\"auto, (max-width: 480px) 100vw, 480px\"\/><\/p>\n<p><\/noscript> <span class=\"featured-image-caption\">Mme Louisa Hanoune est en d\u00e9tention depuis un mois. Photo : PT<\/span><\/div>\n<p class=\"p4\"><span class=\"s3\"><strong>L<\/strong><\/span><span class=\"s3\">es\u00a0Forces de l\u2019alternative\u00a0d\u00e9mocratique ont exig\u00e9, hier, la <em>\u00abrelaxe pure et simple\u00bb<\/em> de Louisa Hanoune, secr\u00e9taire g\u00e9n\u00e9rale du Parti des travailleurs, dont le proc\u00e8s est programm\u00e9 demain au tribunal militaire de Blida.<\/span><\/p>\n<p class=\"p4\"><span class=\"s3\"><em>\u00abLe proc\u00e8s du premier chef de parti politique de l\u2019opposition emprisonn\u00e9 pour ses positions et activit\u00e9s politiques est programm\u00e9 pour le lundi 23\u00a0septembre 2019 au tribunal militaire de Blida\u00bb<\/em>, ont soulign\u00e9 les\u00a0Forces de l\u2019alternative\u00a0d\u00e9mocratique dans communiqu\u00e9. Compos\u00e9es de partis de l\u2019opposition (FFS, RCD, PT, PST, PLD, MDS, UCP), de la Laddh et de plusieurs personnalit\u00e9s politiques, les Forces ont r\u00e9it\u00e9r\u00e9 <em>\u00ableur ferme condamnation de la politique de criminalisation de l\u2019action politique et du d\u00e9lit d\u2019opinion\u00bb.<\/em><\/span><\/p>\n<p class=\"p4\"><span class=\"s3\">Militant en faveur de l\u2019instauration d\u2019un processus constituant, l\u2019Alternative\u00a0d\u00e9mocratique exige <em>\u00abla relaxe pure et simple de Louisa Hanoune, secr\u00e9taire g\u00e9n\u00e9rale du PT, et la lib\u00e9ration de tous les d\u00e9tenus politiques et d\u2019opinion\u00bb.<\/em><\/span><\/p>\n<p class=\"p4\"><span class=\"s3\">Le tribunal militaire de Blida avait rejet\u00e9, le 9 septembre, une troisi\u00e8me demande de lib\u00e9ration de Louisa Hanoune, d\u00e9put\u00e9e depuis 1997 et candidate aux trois derni\u00e8res \u00e9lections pr\u00e9sidentielles. Incarc\u00e9r\u00e9e depuis le 9 mai \u00e0 la prison de Blida, Louisa Hanoune est poursuivie pour \u00abconspiration en vue de porter atteinte \u00e0 l\u2019autorit\u00e9 du commandant de l\u2019institution militaire\u00bb et \u00abconspiration contre l\u2019autorit\u00e9 de l\u2019Etat\u00bb, dans un dossier visant Sa\u00efd Bouteflika, ainsi que les ex-patrons des services secrets, les g\u00e9n\u00e9raux Mohamed \u00abToufik\u00bb Medi\u00e8ne et Athmane \u00abBachir\u00bb Tartag, inculp\u00e9s pour les m\u00eames chefs d\u2019inculpation, des crimes pour lesquels ils encourent cinq \u00e0 dix ans de prison selon le code de justice militaire.<\/span><\/p>\n<p class=\"p4\"><span class=\"s3\">Au lendemain de l\u2019incarc\u00e9ration de Louisa Hanoune, le PT avait d\u00e9nonc\u00e9 <em>\u00abcet acte antid\u00e9mocratique qui criminalise l\u2019action politique, dirig\u00e9 aussi contre les millions d\u2019Alg\u00e9riens et Alg\u00e9riennes engag\u00e9s dans la r\u00e9volution in\u00e9dite pour le d\u00e9part du syst\u00e8me\u00bb.<\/em> Depuis, les militants du PT ont constitu\u00e9 un comit\u00e9 national pour la lib\u00e9ration de Louisa Hanoune et lanc\u00e9 une p\u00e9tition.\u00a0<\/span><\/p>\n<p><span class=\"post-views-label\">Post Views:<\/span> <span class=\"post-views-count\">1\u00a0206<\/span><\/p>\n<p><br class=\"c4\"\/><\/p>\n<p>Auteur: Anis Khecheba<br \/>\n<a href=\"https:\/\/www.elwatan.com\/edition\/actualite\/proces-de-louisa-hanoune-lalternative-democratique-reclame-sa-relaxe-22-09-2019\">Cliquez ici pour lire l&rsquo;article depuis sa source.<\/a><\/p>\n","protected":false},"excerpt":{"rendered":"<p>Mme Louisa Hanoune est en d\u00e9tention depuis un mois. Photo : PT Les\u00a0Forces de l\u2019alternative\u00a0d\u00e9mocratique ont exig\u00e9, hier, la \u00abrelaxe pure et simple\u00bb de Louisa Hanoune, secr\u00e9taire g\u00e9n\u00e9rale du Parti des travailleurs, dont le proc\u00e8s est programm\u00e9 demain au tribunal militaire de Blida. \u00abLe proc\u00e8s du premier chef de parti politique de l\u2019opposition emprisonn\u00e9 pour [&hellip;]<\/p>\n","protected":false},"author":1743,"featured_media":61980,"comment_status":"closed","ping_status":"closed","sticky":false,"template":"","format":"standard","meta":{"fifu_image_url":"","fifu_image_alt":"","footnotes":""},"categories":[73,53],"tags":[],"class_list":["post-61979","post","type-post","status-publish","format-standard","has-post-thumbnail","hentry","category-actualite","category-algerie"],"_links":{"self":[{"href":"https:\/\/linitiative.ca\/International\/wp-json\/wp\/v2\/posts\/61979","targetHints":{"allow":["GET"]}}],"collection":[{"href":"https:\/\/linitiative.ca\/International\/wp-json\/wp\/v2\/posts"}],"about":[{"href":"https:\/\/linitiative.ca\/International\/wp-json\/wp\/v2\/types\/post"}],"author":[{"embeddable":true,"href":"https:\/\/linitiative.ca\/International\/wp-json\/wp\/v2\/users\/1743"}],"replies":[{"embeddable":true,"href":"https:\/\/linitiative.ca\/International\/wp-json\/wp\/v2\/comments?post=61979"}],"version-history":[{"count":0,"href":"https:\/\/linitiative.ca\/International\/wp-json\/wp\/v2\/posts\/61979\/revisions"}],"wp:featuredmedia":[{"embeddable":true,"href":"https:\/\/linitiative.ca\/International\/wp-json\/"}],"wp:attachment":[{"href":"https:\/\/linitiative.ca\/International\/wp-json\/wp\/v2\/media?parent=61979"}],"wp:term":[{"taxonomy":"category","embeddable":true,"href":"https:\/\/linitiative.ca\/International\/wp-json\/wp\/v2\/categories?post=61979"},{"taxonomy":"post_tag","embeddable":true,"href":"https:\/\/linitiative.ca\/International\/wp-json\/wp\/v2\/tags?post=61979"}],"curies":[{"name":"wp","href":"https:\/\/api.w.org\/{rel}","templated":true}]}}