{"id":61981,"date":"2019-09-22T07:37:50","date_gmt":"2019-09-22T11:37:50","guid":{"rendered":"https:\/\/linitiative.ca\/International\/poursuivi-par-lactuel-ministre-de-linterieur-le-proces-de-lactiviste-mourad-amiri-ajourne\/"},"modified":"2019-09-22T07:37:50","modified_gmt":"2019-09-22T11:37:50","slug":"poursuivi-par-lactuel-ministre-de-linterieur-le-proces-de-lactiviste-mourad-amiri-ajourne","status":"publish","type":"post","link":"https:\/\/linitiative.ca\/International\/poursuivi-par-lactuel-ministre-de-linterieur-le-proces-de-lactiviste-mourad-amiri-ajourne\/","title":{"rendered":"Poursuivi par l\u2019actuel ministre de l\u2019int\u00e9rieur : Le proc\u00e8s de l\u2019activiste Mourad Amiri ajourn\u00e9"},"content":{"rendered":"<h4 class=\"title-14\"\/>\n<div class=\"featured_image\"><img width=\"225\" height=\"224\" data-cfsrc=\"https:\/\/www.elwatan.com\/wp-content\/uploads\/2019\/09\/Mourad-Amiri.jpeg\" class=\"attachment-post-thumbnail size-post-thumbnail wp-post-image c2\" alt=\"Poursuivie par l\u2019actuel ministre de l\u2019int\u00e9rieur : Le proc\u00e8s de l\u2019activiste Mourad Amiri ajourn\u00e9\" srcset=\"https:\/\/www.elwatan.com\/wp-content\/uploads\/2019\/09\/Mourad-Amiri.jpeg 225w, https:\/\/www.elwatan.com\/wp-content\/uploads\/2019\/09\/Mourad-Amiri-150x150.jpeg 150w\" sizes=\"(max-width: 225px) 100vw, 225px\"\/><noscript><\/p>\n<p><img loading=\"lazy\" decoding=\"async\" width=\"225\" height=\"224\" src=\"https:\/\/www.elwatan.com\/wp-content\/uploads\/2019\/09\/Mourad-Amiri.jpeg\" class=\"attachment-post-thumbnail size-post-thumbnail wp-post-image\" alt=\"Poursuivie par l\u2019actuel ministre de l\u2019int\u00e9rieur : Le proc\u00e8s de l\u2019activiste Mourad Amiri ajourn\u00e9\" srcset=\"https:\/\/www.elwatan.com\/wp-content\/uploads\/2019\/09\/Mourad-Amiri.jpeg 225w, https:\/\/www.elwatan.com\/wp-content\/uploads\/2019\/09\/Mourad-Amiri-150x150.jpeg 150w\" sizes=\"auto, (max-width: 225px) 100vw, 225px\"\/><\/p>\n<p><\/noscript><\/div>\n<p>Le proc\u00e8s de l\u2019activiste et militant Mourad Amiri attaqu\u00e9 en justice par l\u2019actuel ministre de l\u2019int\u00e9rieur Salah-Eddine Dahmoune a \u00e9t\u00e9 report\u00e9 ce matin par le juge pr\u00e8s du tribunal de Sidi M\u2019hamed. Le proc\u00e8s a \u00e9t\u00e9 repouss\u00e9 \u00e0 la date du 29 septembre prochain \u00e0 la demande du collectif compos\u00e9 de quatre avocats lesquels se sont constitu\u00e9s pour d\u00e9fendre la cause de Mourad Amiri.<\/p>\n<p>\u00ab\u00a0Les quatre avocats qui se sont constitu\u00e9s pour ma d\u00e9fense ont pris une d\u00e9cision salutaire en d\u00e9cidant de repousser la date du proc\u00e8s\u00a0\u00bb, nous a confi\u00e9 le militant.<\/p>\n<p>\u00ab\u00a0Le collectif d\u2019avocats qui prend en charge mon dossier compte s\u2019\u00e9largir pour mieux d\u00e9fendre ma cause, esp\u00e9rant que la conjoncture sera favorable pour moi le jour venu\u00bb, nous a-t-il r\u00e9pliqu\u00e9.<\/p>\n<p>Rappelons que le militant en question originaire d\u2019El Flay (B\u00e9ja\u00efa), cadre technicien principal des transmission exer\u00e7ant \u00e0 la direction g\u00e9n\u00e9rale des t\u00e9l\u00e9communications au minist\u00e8re de l\u2019int\u00e9rieur a \u00e9t\u00e9 suspendu de ses fonctions le 7 juillet dernier par l\u2019actuel ministre pour des publications jug\u00e9es ill\u00e9gales sur sa page facebook o\u00f9 il a adress\u00e9 un appel a ses coll\u00e8gues pour s\u2019impliquer dans la cause du hirak.<\/p>\n<p>Il fait l\u2019objet de deux plaintes d\u00e9pos\u00e9s contre lui (l\u2019une d\u00e9pos\u00e9e \u00e0 la brigade de cybercriminalit\u00e9 de Beb Ezzouar et l\u2019autre au niveau de la s\u00fbret\u00e9 de la da\u00efra de Sidi A\u00efch) pour \u00abincitation a un attroupement non arm\u00e9\u00a0\u00bb \u00ab r\u00e9bellion contre l\u2019autorit\u00e9 de l\u2019\u00e9tat\u00a0\u00bb et \u00ab\u00a0injure et atteinte \u00e0 corps constitu\u00e9s\u00a0\u00bb.<\/p>\n<p><span class=\"post-views-label\">Post Views:<\/span> <span class=\"post-views-count\">2\u00a0057<\/span><\/p>\n<p><br class=\"c4\"\/><\/p>\n<p>Auteur: Mohand Yahiaoui<br \/>\n<a href=\"https:\/\/www.elwatan.com\/edition\/actualite\/poursuivie-par-lactuel-ministre-de-linterieur-le-proces-de-lactiviste-mourad-amiri-ajourne-22-09-2019\">Cliquez ici pour lire l&rsquo;article depuis sa source.<\/a><\/p>\n","protected":false},"excerpt":{"rendered":"<p>Le proc\u00e8s de l\u2019activiste et militant Mourad Amiri attaqu\u00e9 en justice par l\u2019actuel ministre de l\u2019int\u00e9rieur Salah-Eddine Dahmoune a \u00e9t\u00e9 report\u00e9 ce matin par le juge pr\u00e8s du tribunal de Sidi M\u2019hamed. Le proc\u00e8s a \u00e9t\u00e9 repouss\u00e9 \u00e0 la date du 29 septembre prochain \u00e0 la demande du collectif compos\u00e9 de quatre avocats lesquels se [&hellip;]<\/p>\n","protected":false},"author":1743,"featured_media":61982,"comment_status":"closed","ping_status":"closed","sticky":false,"template":"","format":"standard","meta":{"fifu_image_url":"","fifu_image_alt":"","footnotes":""},"categories":[73,53],"tags":[],"class_list":["post-61981","post","type-post","status-publish","format-standard","has-post-thumbnail","hentry","category-actualite","category-algerie"],"_links":{"self":[{"href":"https:\/\/linitiative.ca\/International\/wp-json\/wp\/v2\/posts\/61981","targetHints":{"allow":["GET"]}}],"collection":[{"href":"https:\/\/linitiative.ca\/International\/wp-json\/wp\/v2\/posts"}],"about":[{"href":"https:\/\/linitiative.ca\/International\/wp-json\/wp\/v2\/types\/post"}],"author":[{"embeddable":true,"href":"https:\/\/linitiative.ca\/International\/wp-json\/wp\/v2\/users\/1743"}],"replies":[{"embeddable":true,"href":"https:\/\/linitiative.ca\/International\/wp-json\/wp\/v2\/comments?post=61981"}],"version-history":[{"count":0,"href":"https:\/\/linitiative.ca\/International\/wp-json\/wp\/v2\/posts\/61981\/revisions"}],"wp:featuredmedia":[{"embeddable":true,"href":"https:\/\/linitiative.ca\/International\/wp-json\/"}],"wp:attachment":[{"href":"https:\/\/linitiative.ca\/International\/wp-json\/wp\/v2\/media?parent=61981"}],"wp:term":[{"taxonomy":"category","embeddable":true,"href":"https:\/\/linitiative.ca\/International\/wp-json\/wp\/v2\/categories?post=61981"},{"taxonomy":"post_tag","embeddable":true,"href":"https:\/\/linitiative.ca\/International\/wp-json\/wp\/v2\/tags?post=61981"}],"curies":[{"name":"wp","href":"https:\/\/api.w.org\/{rel}","templated":true}]}}