{"id":61983,"date":"2019-09-22T12:36:18","date_gmt":"2019-09-22T16:36:18","guid":{"rendered":"https:\/\/linitiative.ca\/International\/affaire-kamel-chikhi-el-bouchi-le-proces-reporte-au-mois-doctobre\/"},"modified":"2019-09-22T12:36:18","modified_gmt":"2019-09-22T16:36:18","slug":"affaire-kamel-chikhi-el-bouchi-le-proces-reporte-au-mois-doctobre","status":"publish","type":"post","link":"https:\/\/linitiative.ca\/International\/affaire-kamel-chikhi-el-bouchi-le-proces-reporte-au-mois-doctobre\/","title":{"rendered":"Affaire Kamel Chikhi (El Bouchi) :\u00a0Le proc\u00e8s report\u00e9 au mois d\u2019octobre"},"content":{"rendered":"<h4 class=\"title-14\"\/>\n<div class=\"featured_image\"><img width=\"620\" height=\"412\" data-cfsrc=\"https:\/\/www.elwatan.com\/wp-content\/uploads\/2019\/09\/received_414326189215065.jpeg\" class=\"attachment-post-thumbnail size-post-thumbnail wp-post-image c2\" alt=\"\" srcset=\"https:\/\/www.elwatan.com\/wp-content\/uploads\/2019\/09\/received_414326189215065.jpeg 620w, https:\/\/www.elwatan.com\/wp-content\/uploads\/2019\/09\/received_414326189215065-300x199.jpeg 300w\" sizes=\"(max-width: 620px) 100vw, 620px\"\/><noscript><\/p>\n<p><img loading=\"lazy\" decoding=\"async\" width=\"620\" height=\"412\" src=\"https:\/\/www.elwatan.com\/wp-content\/uploads\/2019\/09\/received_414326189215065.jpeg\" class=\"attachment-post-thumbnail size-post-thumbnail wp-post-image\" alt=\"\" srcset=\"https:\/\/www.elwatan.com\/wp-content\/uploads\/2019\/09\/received_414326189215065.jpeg 620w, https:\/\/www.elwatan.com\/wp-content\/uploads\/2019\/09\/received_414326189215065-300x199.jpeg 300w\" sizes=\"auto, (max-width: 620px) 100vw, 620px\"\/><\/p>\n<p><\/noscript><\/div>\n<p>Le proc\u00e8s en appel de l\u2019homme d\u2019affaire Kamel Chikhi dit El Bouchi a \u00e9t\u00e9 report\u00e9 pour la deuxi\u00e8me fois cons\u00e9cutive. La cour d\u2019Alger (Sidi M\u2019hamed) a d\u00e9cid\u00e9 ce dimanche de repousser la date au 6 octobre prochain \u00e0 la demande du collectif de la d\u00e9fense, cite l\u2019APS.<\/p>\n<p><span class=\"c9\">Il est \u00e0 rappeler que le procureur de la R\u00e9publique pr\u00e8s du m\u00eame tribunal avait requis une peine de dix (10) ann\u00e9es d\u2019emprisonnement assortie d\u2019une amende d\u2019un (1) million de DA \u00e0 l\u2019encontre du principal accus\u00e9 Kamel Chikhi avec interdiction pendant cinq ans de conclure des march\u00e9s publics et comme chef d\u2019inculpation \u201cincitation \u00e0 l\u2019abus de pouvoir et octroi de pots-de-vin \u00e0 des fonctionnaires des services de l\u2019urbanisme d\u2019Alger en contrepartie d\u2019indus services\u201d concernant l\u2019affaire des conservateurs fonciers , publie la m\u00eame source.<\/span><\/p>\n<p><span class=\"c9\">Par ailleurs, le tribunal a requis la saisie des biens immobiliers de certains accus\u00e9s et des membres de leurs familles, et des amendes de 500.000 DA.<\/span><\/p>\n<p><span class=\"c9\">D\u2019autres peines allant de quatre (4) \u00e0 huit ans (8) ont \u00e9t\u00e9 prononc\u00e9es \u00e0 l\u2019encontre des autres accus\u00e9s dans la m\u00eame affaire tandis que l\u2019un des accus\u00e9s a \u00e9t\u00e9 acquitt\u00e9.<\/span><\/p>\n<p><span class=\"post-views-label\">Post Views:<\/span> <span class=\"post-views-count\">355<\/span><\/p>\n<p><br class=\"c5\"\/><\/p>\n<p>Auteur: Mohand Yahiaoui<br \/>\n<a href=\"https:\/\/www.elwatan.com\/edition\/actualite\/affaire-kamel-chikhi-el-bouchi-le-proces-reporte-au-mois-doctobre-22-09-2019\">Cliquez ici pour lire l&rsquo;article depuis sa source.<\/a><\/p>\n","protected":false},"excerpt":{"rendered":"<p>Le proc\u00e8s en appel de l\u2019homme d\u2019affaire Kamel Chikhi dit El Bouchi a \u00e9t\u00e9 report\u00e9 pour la deuxi\u00e8me fois cons\u00e9cutive. La cour d\u2019Alger (Sidi M\u2019hamed) a d\u00e9cid\u00e9 ce dimanche de repousser la date au 6 octobre prochain \u00e0 la demande du collectif de la d\u00e9fense, cite l\u2019APS. Il est \u00e0 rappeler que le procureur de [&hellip;]<\/p>\n","protected":false},"author":1743,"featured_media":61984,"comment_status":"closed","ping_status":"closed","sticky":false,"template":"","format":"standard","meta":{"fifu_image_url":"","fifu_image_alt":"","footnotes":""},"categories":[73,53],"tags":[],"class_list":["post-61983","post","type-post","status-publish","format-standard","has-post-thumbnail","hentry","category-actualite","category-algerie"],"_links":{"self":[{"href":"https:\/\/linitiative.ca\/International\/wp-json\/wp\/v2\/posts\/61983","targetHints":{"allow":["GET"]}}],"collection":[{"href":"https:\/\/linitiative.ca\/International\/wp-json\/wp\/v2\/posts"}],"about":[{"href":"https:\/\/linitiative.ca\/International\/wp-json\/wp\/v2\/types\/post"}],"author":[{"embeddable":true,"href":"https:\/\/linitiative.ca\/International\/wp-json\/wp\/v2\/users\/1743"}],"replies":[{"embeddable":true,"href":"https:\/\/linitiative.ca\/International\/wp-json\/wp\/v2\/comments?post=61983"}],"version-history":[{"count":0,"href":"https:\/\/linitiative.ca\/International\/wp-json\/wp\/v2\/posts\/61983\/revisions"}],"wp:featuredmedia":[{"embeddable":true,"href":"https:\/\/linitiative.ca\/International\/wp-json\/"}],"wp:attachment":[{"href":"https:\/\/linitiative.ca\/International\/wp-json\/wp\/v2\/media?parent=61983"}],"wp:term":[{"taxonomy":"category","embeddable":true,"href":"https:\/\/linitiative.ca\/International\/wp-json\/wp\/v2\/categories?post=61983"},{"taxonomy":"post_tag","embeddable":true,"href":"https:\/\/linitiative.ca\/International\/wp-json\/wp\/v2\/tags?post=61983"}],"curies":[{"name":"wp","href":"https:\/\/api.w.org\/{rel}","templated":true}]}}