{"id":61985,"date":"2019-09-22T04:00:00","date_gmt":"2019-09-22T08:00:00","guid":{"rendered":"https:\/\/linitiative.ca\/International\/maitre-brahim-bouderbala-un-avocat-de-coeur\/"},"modified":"2019-09-22T04:00:00","modified_gmt":"2019-09-22T08:00:00","slug":"maitre-brahim-bouderbala-un-avocat-de-coeur","status":"publish","type":"post","link":"https:\/\/linitiative.ca\/International\/maitre-brahim-bouderbala-un-avocat-de-coeur\/","title":{"rendered":"Ma\u00eetre Brahim Bouderbala: Un avocat de c\u0153ur"},"content":{"rendered":"<p><img loading=\"lazy\" decoding=\"async\" src=\"\/uploads\/FCK_files\/sadok%20marzouk.jpg\" alt=\"\" width=\"150\" vspace=\"5\" hspace=\"5\" height=\"150\" align=\"left\"\/>C\u2019est en 1977 que j\u2019ai connu, pour la premi\u00e8re fois, Brahim Bouderbala, qui vient d\u2019\u00eatre sacr\u00e9 b\u00e2tonnier de l\u2019Ordre national des avocats. Il a commenc\u00e9\u00a0 son stage d\u2019avocat dans mon cabinet.<\/p>\n<p>Comme les autres stagiaires qui ont rejoint mon cabinet \u00e0 cette \u00e9poque, et je cite Radhia Nasraoui, Abdessatar Ben Moussa et H\u00e9dia Ben Ammar (qui sera \u00e9lu b\u00e2tonnier en 2004), il a choisi mon cabinet parce que j\u2019\u00e9tais connu pour \u00eatre l\u2019avocat des militants de gauche, essentiellement les militants de Perspectives et de El Amel Ettounsi.<\/p>\n<p>Brahim Bouderbala, comme Radhia Nasraoui, Abdessatar Ben Moussa et H\u00e9dia Ben Ammar, ne cherchait pas \u00e0 faire fortune mais \u00e9tait m\u00fb par un \u00e9lan de g\u00e9n\u00e9rosit\u00e9 et par la volont\u00e9 de d\u00e9fendre la libert\u00e9 et les droits de l\u2019homme. Ils d\u00e9fendaient\u00a0 b\u00e9n\u00e9volement ceux qui \u00e9taient poursuivis pour d\u00e9lit d\u2019opinion et m\u00eame les d\u00e9linquants de droit commun, quand il s\u2019agissait de gens pauvres. Je me rappelle qu\u2019un jour, j\u2019ai dit \u00e0 Brahim, qui acceptait souvent de se constituer dans des affaires de droit commun sans demander des honoraires: \u00abIl faut bien, quand m\u00eame, que\u00a0 tu gagnes ta vie!\u00bb Il me r\u00e9pondit: \u00abMais, Ma\u00eetre, ces gens sont pauvres et si je refuse de les d\u00e9fendre, parce qu\u2019ils n\u2019ont pas de quoi me payer, c\u2019est comme si je refusais de me porter au secours de personnes en danger\u00bb.<\/p>\n<p>Tels sont les souvenirs que je garde de Brahim Bouderbala et des autres avocats qui ont fait leur stage dans mon cabinet et que je viens de citer. Ils \u00e9taient des avocats de c\u0153ur.<\/p>\n<p class=\"c2\"><strong>Ma\u00eetre Sadok Marzouk<\/strong><\/p>\n<p class=\"c3\"><strong>Lire aussi<\/strong><\/p>\n<p class=\"c3\"><strong><a href=\"https:\/\/www.leaders.com.tn\/article\/28018-maitre-brahim-bouderbala-un-avocat-de-coeur\" target=\"_blank\" rel=\"noopener noreferrer\">Me Brahim Bouderbala: Le b\u00e2tonnier de la ligne professionnelle ind\u00e9pendante<\/a><\/strong><\/p>\n<p class=\"c4\"><strong><a href=\"https:\/\/www.leaders.com.tn\/le_mensuel_abonnez_vous\"><img loading=\"lazy\" decoding=\"async\" src=\"\/uploads\/FCK_files\/Bandeau-Leaders-1-copie(21).jpg\" alt=\"\" width=\"500\" vspace=\"5\" hspace=\"5\" height=\"128\" align=\"middle\"\/><\/a><\/strong><\/p>\n<p>Auteur:<br \/>\n<a href=\"https:\/\/www.leaders.com.tn\/article\/28018-maitre-brahim-bouderbala-un-avocat-de-coeur\">Cliquez ici pour lire l&rsquo;article depuis sa source.<\/a><\/p>\n","protected":false},"excerpt":{"rendered":"<p>C\u2019est en 1977 que j\u2019ai connu, pour la premi\u00e8re fois, Brahim Bouderbala, qui vient d\u2019\u00eatre sacr\u00e9 b\u00e2tonnier de l\u2019Ordre national des avocats. Il a commenc\u00e9\u00a0 son stage d\u2019avocat dans mon cabinet. Comme les autres stagiaires qui ont rejoint mon cabinet \u00e0 cette \u00e9poque, et je cite Radhia Nasraoui, Abdessatar Ben Moussa et H\u00e9dia Ben Ammar [&hellip;]<\/p>\n","protected":false},"author":1772,"featured_media":61986,"comment_status":"closed","ping_status":"closed","sticky":false,"template":"","format":"standard","meta":{"fifu_image_url":"","fifu_image_alt":"","footnotes":""},"categories":[73,55],"tags":[],"class_list":["post-61985","post","type-post","status-publish","format-standard","has-post-thumbnail","hentry","category-actualite","category-tunisie"],"_links":{"self":[{"href":"https:\/\/linitiative.ca\/International\/wp-json\/wp\/v2\/posts\/61985","targetHints":{"allow":["GET"]}}],"collection":[{"href":"https:\/\/linitiative.ca\/International\/wp-json\/wp\/v2\/posts"}],"about":[{"href":"https:\/\/linitiative.ca\/International\/wp-json\/wp\/v2\/types\/post"}],"author":[{"embeddable":true,"href":"https:\/\/linitiative.ca\/International\/wp-json\/wp\/v2\/users\/1772"}],"replies":[{"embeddable":true,"href":"https:\/\/linitiative.ca\/International\/wp-json\/wp\/v2\/comments?post=61985"}],"version-history":[{"count":0,"href":"https:\/\/linitiative.ca\/International\/wp-json\/wp\/v2\/posts\/61985\/revisions"}],"wp:featuredmedia":[{"embeddable":true,"href":"https:\/\/linitiative.ca\/International\/wp-json\/"}],"wp:attachment":[{"href":"https:\/\/linitiative.ca\/International\/wp-json\/wp\/v2\/media?parent=61985"}],"wp:term":[{"taxonomy":"category","embeddable":true,"href":"https:\/\/linitiative.ca\/International\/wp-json\/wp\/v2\/categories?post=61985"},{"taxonomy":"post_tag","embeddable":true,"href":"https:\/\/linitiative.ca\/International\/wp-json\/wp\/v2\/tags?post=61985"}],"curies":[{"name":"wp","href":"https:\/\/api.w.org\/{rel}","templated":true}]}}