{"id":61987,"date":"2019-09-22T10:18:00","date_gmt":"2019-09-22T14:18:00","guid":{"rendered":"https:\/\/linitiative.ca\/International\/ouided-bouchamaoui-et-abdessettar-ben-moussa-celebres-au-mexique-lors-du-sommet-des-prix-nobel-de-la-paix\/"},"modified":"2019-09-22T10:18:00","modified_gmt":"2019-09-22T14:18:00","slug":"ouided-bouchamaoui-et-abdessettar-ben-moussa-celebres-au-mexique-lors-du-sommet-des-prix-nobel-de-la-paix","status":"publish","type":"post","link":"https:\/\/linitiative.ca\/International\/ouided-bouchamaoui-et-abdessettar-ben-moussa-celebres-au-mexique-lors-du-sommet-des-prix-nobel-de-la-paix\/","title":{"rendered":"Ouided Bouchamaoui et Abdessettar Ben Moussa c\u00e9l\u00e9br\u00e9s au Mexique, lors du Sommet des prix Nobel de la Paix"},"content":{"rendered":"<p>\u00ab F\u00eater la journ\u00e9e internationale de la paix \u00e0 M\u00e9rida (Yucat\u00e1n), entour\u00e9e de 26 laur\u00e9ats du prix Nobel de la paix, quelle chance ! \u00bb s\u2019exclame Ouided Bouchamaoui, depuis la ville de M\u00e9rida au Mexique. Avec Me Abdessettar Ben Moussa, aur\u00e9ol\u00e9s du prix Nobel de la Paix (2015), tous deux sont c\u00e9l\u00e9br\u00e9s lors du XVII\u00e8me Sommet du Prix Nobel. Pas moins de 26 laur\u00e9ats de ce prestigieux prix (dont cinq anciens pr\u00e9sidents de la R\u00e9publique) prennent part \u00e0 cette importante manifestation, articul\u00e9e en 7 conf\u00e9rences et 44 ateliers et regroupant 3500 participants.<\/p>\n<p class=\"c2\"><img loading=\"lazy\" decoding=\"async\" src=\"\/uploads\/FCK_files\/Ouided1.jpg\" alt=\"\" width=\"700\" vspace=\"5\" hspace=\"5\" height=\"427\" align=\"middle\"\/><\/p>\n<p class=\"c2\"><img loading=\"lazy\" decoding=\"async\" src=\"\/uploads\/FCK_files\/peace.jpg\" alt=\"\" width=\"850\" height=\"549\"\/><\/p>\n<p>Mme Bouchamaoui est intervenue notamment lors du panel de discussion consacr\u00e9 \u00e0 la d\u00e9mographie globale, traitant du peuple dans un monde en mouvement. Son analyse des nouvelles aspirations des populations face aux transformations profondes des soci\u00e9t\u00e9s, \u00e0 l\u2019instar de ce qui est observ\u00e9 dans la r\u00e9gion en Afrique du Nord Moyen-Orient a particuli\u00e8rement retenu l\u2019attention. Ouided Bouchamaoui \u00e9tait interrog\u00e9es sur les changements qui s\u2019acc\u00e9l\u00e8rent, les revendications les plus vives et les ruptures avec des syst\u00e8mes d\u00e9suets.<\/p>\n<p><img loading=\"lazy\" decoding=\"async\" src=\"\/uploads\/FCK_files\/Ricky.jpg\" alt=\"\" width=\"252\" vspace=\"5\" hspace=\"5\" height=\"188\" align=\"left\"\/>Un autre invit\u00e9 de marque le chanteur portoricain Ricky Martin. Il a en effet donn\u00e9 un grand gala samedi soir sur la place centrale.\u00a0<\/p>\n<p><img loading=\"lazy\" decoding=\"async\" src=\"\/uploads\/FCK_files\/Avec%20ricky123(1).jpg\" alt=\"\" width=\"252\" vspace=\"5\" hspace=\"5\" height=\"405\" align=\"left\"\/><\/p>\n<p>Ouvrant les travaux, le pr\u00e9sident du Mexique, L\u00f3pez Obrador a d\u00e9clar\u00e9 qu&rsquo;il \u00e9tait d\u00e9termin\u00e9 \u00e0 trouver une solution pacifique \u00e0 la violence qui s\u00e9vit dans son pays. \u00ab\u00a0Ce que nous voulons, c&rsquo;est parvenir \u00e0 une paix totale, mais nous ne voulons pas d&rsquo;une paix obtenue par l&rsquo;autoritarisme, par l&rsquo;usage de la force. Nous ne voulons pas une paix des tombes, nous voulons une paix qui trouve son origine dans la d\u00e9livrance de la justice, nous avons toujours dit que la paix est le r\u00e9sultat de la justice\u00a0\u00bb, a-t-il dit.\u00a0<\/p>\n<p class=\"c2\">\u00a0<\/p>\n<p>Auteur:<br \/>\n<a href=\"https:\/\/www.leaders.com.tn\/article\/28032-ouided-bouchamaoui-et-abdessettar-ben-moussa-celebres-au-mexique-au-sommet-des-prix-nobel-de-la-paix\">Cliquez ici pour lire l&rsquo;article depuis sa source.<\/a><\/p>\n","protected":false},"excerpt":{"rendered":"<p>\u00ab F\u00eater la journ\u00e9e internationale de la paix \u00e0 M\u00e9rida (Yucat\u00e1n), entour\u00e9e de 26 laur\u00e9ats du prix Nobel de la paix, quelle chance ! \u00bb s\u2019exclame Ouided Bouchamaoui, depuis la ville de M\u00e9rida au Mexique. Avec Me Abdessettar Ben Moussa, aur\u00e9ol\u00e9s du prix Nobel de la Paix (2015), tous deux sont c\u00e9l\u00e9br\u00e9s lors du XVII\u00e8me [&hellip;]<\/p>\n","protected":false},"author":1772,"featured_media":61988,"comment_status":"closed","ping_status":"closed","sticky":false,"template":"","format":"standard","meta":{"fifu_image_url":"","fifu_image_alt":"","footnotes":""},"categories":[73,55],"tags":[],"class_list":["post-61987","post","type-post","status-publish","format-standard","has-post-thumbnail","hentry","category-actualite","category-tunisie"],"_links":{"self":[{"href":"https:\/\/linitiative.ca\/International\/wp-json\/wp\/v2\/posts\/61987","targetHints":{"allow":["GET"]}}],"collection":[{"href":"https:\/\/linitiative.ca\/International\/wp-json\/wp\/v2\/posts"}],"about":[{"href":"https:\/\/linitiative.ca\/International\/wp-json\/wp\/v2\/types\/post"}],"author":[{"embeddable":true,"href":"https:\/\/linitiative.ca\/International\/wp-json\/wp\/v2\/users\/1772"}],"replies":[{"embeddable":true,"href":"https:\/\/linitiative.ca\/International\/wp-json\/wp\/v2\/comments?post=61987"}],"version-history":[{"count":0,"href":"https:\/\/linitiative.ca\/International\/wp-json\/wp\/v2\/posts\/61987\/revisions"}],"wp:featuredmedia":[{"embeddable":true,"href":"https:\/\/linitiative.ca\/International\/wp-json\/"}],"wp:attachment":[{"href":"https:\/\/linitiative.ca\/International\/wp-json\/wp\/v2\/media?parent=61987"}],"wp:term":[{"taxonomy":"category","embeddable":true,"href":"https:\/\/linitiative.ca\/International\/wp-json\/wp\/v2\/categories?post=61987"},{"taxonomy":"post_tag","embeddable":true,"href":"https:\/\/linitiative.ca\/International\/wp-json\/wp\/v2\/tags?post=61987"}],"curies":[{"name":"wp","href":"https:\/\/api.w.org\/{rel}","templated":true}]}}