{"id":61990,"date":"2019-09-22T14:55:00","date_gmt":"2019-09-22T18:55:00","guid":{"rendered":"https:\/\/linitiative.ca\/International\/mohamed-meddeb-m-le-president-de-la-republique-il-vous-revient-de-sauver-le-pays-de-cette-dangereuse-impasse\/"},"modified":"2019-09-22T14:55:00","modified_gmt":"2019-09-22T18:55:00","slug":"mohamed-meddeb-m-le-president-de-la-republique-il-vous-revient-de-sauver-le-pays-de-cette-dangereuse-impasse","status":"publish","type":"post","link":"https:\/\/linitiative.ca\/International\/mohamed-meddeb-m-le-president-de-la-republique-il-vous-revient-de-sauver-le-pays-de-cette-dangereuse-impasse\/","title":{"rendered":"Mohamed Meddeb: M. le Pr\u00e9sident de la R\u00e9publique, il vous revient de sauver le pays de cette dangereuse impasse !"},"content":{"rendered":"<p><span class=\"c2\">D\u2019abord je tiens \u00e0 pr\u00e9ciser que ce qui suit n\u2019est ni une attaque ni un appui ni \u00e0 l\u2019un ni \u00e0 l\u2019autre des deux pr\u00e9sidentiables, d\u2019ailleurs je n\u2019ai vot\u00e9 pour aucun des deux au premier tour. Ce n\u2019est qu\u2019une modeste tentative d\u2019\u00e9viter le pire au pays.\u00a0<\/span><\/p>\n<p>M. le Pr\u00e9sident de la R\u00e9publique, de par vos activit\u00e9s quotidiennes, votre pr\u00e9occupation quant \u00e0 l\u2019impasse qui menace tout le processus \u00e9lectoral, donc la transition d\u00e9mocratique et de l\u00e0 l\u2019avenir m\u00eame du pays, est tr\u00e8s perceptible. Voil\u00e0 qu\u2019un pr\u00e9sidentiable passe au deuxi\u00e8me tour mais <span class=\"c3\"><strong>se trouve en prison ou en d\u00e9tention pr\u00e9ventive (?), dans les deux cas, emp\u00each\u00e9 de jouir des m\u00eames droits que son concurrent lors de la campagne \u00e9lectorale.<\/strong><\/span> Cette situation in\u00e9dite et impr\u00e9vue est le fruit du retranchement de chacune des deux institutions, la Justice d\u2019une part et l\u2019ISIE de l\u2019autre, derri\u00e8re leur \u00ab ind\u00e9pendance \u00bb et les deux se limitant \u00e0 leurs pr\u00e9rogatives sp\u00e9cifiques, semblent rejeter la responsabilit\u00e9 de ce blocage et de son d\u00e9nouement sur l\u2019autre, alors que cette m\u00eame question, rev\u00eat dans ce cas tr\u00e8s particulier et en m\u00eame temps, deux aspects r\u00e9ciproquement influen\u00e7ables : le judiciaire et l\u2019\u00e9lectorale. Seulement, les deux instances semblent ignorer que l\u2019issue de l\u2019un des deux processus impacte directement et tr\u00e8s largement sur l\u2019issue de l\u2019autre d\u2019o\u00f9 la n\u00e9cessit\u00e9 pour chacune des deux parties et particuli\u00e8rement pour le Juge d\u2019instruction en question de tenir compte de l\u2019impact de sa d\u00e9cision sur le processus \u00e9lectoral, de la situation dans le pays et de l\u2019int\u00e9r\u00eat g\u00e9n\u00e9ral, \u00e9videmment sans faiblir quant \u00e0 son ind\u00e9pendance \u00ab sacr\u00e9e \u00bb.<\/p>\n<p>Peu importe qui a raison et qui a tort, l\u2019essentiel est de bien comprendre que si le \u00ab\u00a0duel\u00a0\u00bb actuel ISIE, JUSTICE se poursuit dans les m\u00eames termes, avec l\u2019un des concurrents toujours en d\u00e9tention, et quelques soient les r\u00e9sultats du deuxi\u00e8me tour, la TUNISIE risque de faire un grand faux pas, non seulement dans les pr\u00e9sidentielles, mais aussi dans les l\u00e9gislatives et ainsi tout le processus de la transition d\u00e9mocratique risque d\u2019en souffrir irr\u00e9m\u00e9diablement.<\/p>\n<p>En effet dans ce cas, et quel que soit l\u2019issue du deuxi\u00e8me tour des pr\u00e9sidentielles, seulement deux possibilit\u00e9s nous sont offertes :<\/p>\n<ul>\n<li>M. Karoui gagne ce deuxi\u00e8me tour alors qu\u2019il est toujours d\u00e9tenu : quelle serait alors la position de la Justice ? ne pas renoncer \u00e0 sa d\u00e9tention alors qu\u2019il est Pr\u00e9sident par le jeu d\u2019\u00e9lections universelles et la volont\u00e9 du peuple ? o\u00f9 le lib\u00e9rer sous quelque motif que ce soit et quand m\u00eame se contredire ? Dans les deux cas, personne ne peut pr\u00e9voir la suite des \u00e9v\u00e8nements et leurs enchainements.<\/li>\n<li>La deuxi\u00e8me \u00e9ventualit\u00e9, serait que M. Karoui perd ce deuxi\u00e8me tour sans b\u00e9n\u00e9ficier autant que son concurrent de la campagne \u00e9lectorale : dans ce cas non plus la Tunisie ne sera pas mieux servie, ni \u00e0 l\u2019int\u00e9rieur ni \u00e0 l\u2019\u00e9tranger. D\u2019abord ces r\u00e9sultats seront tr\u00e8s vraisemblablement rejet\u00e9s par les fans Karoui comme par l\u2019\u00e9tranger et ainsi on fera de lui, tr\u00e8s certainement, une tr\u00e8s grande victime, un h\u00e9ros m\u00eame avec des cons\u00e9quences difficiles \u00e0 pr\u00e9voir pour la coh\u00e9sion sociale et l\u2019unit\u00e9 nationale tant r\u00eav\u00e9es.<\/li>\n<\/ul>\n<p>Dans tous les cas possibles, cit\u00e9s plu-haut, et en l\u2019absence d\u2019une initiative capable de faire bouger les positions avant qu\u2019il ne soit trop tard, la transition d\u00e9mocratique tunisienne subirait un tr\u00e8s mauvais coup, la Tunisie n\u2019en serait que bien meurtrie et Dieu seul sait o\u00f9 cela pourrait mener le pays.<\/p>\n<p><span class=\"c3\"><strong>Ainsi, M. le Pr\u00e9sident de la R\u00e9publique,<\/strong><\/span> de par vos hautes responsabilit\u00e9s, il vous incombe de tenter de d\u00e9bloquer cette situation, la Constitution non seulement vous le permet mais elle vous en prend pour responsable, n\u2019\u00eates-vous pas le garant de la coh\u00e9sion nationale ? Vous \u00eates, de loin, le mieux plac\u00e9s pour appr\u00e9cier combien cette question divise la soci\u00e9t\u00e9 tunisienne et combien elle le fera encore davantage au moment de la d\u00e9claration des r\u00e9sultats du deuxi\u00e8me tour des pr\u00e9sidentielles et \u00e0 l\u2019occasion des l\u00e9gislatives.<\/p>\n<p>La t\u00e2che est dure, certes, mais reste possible et de toutes les fa\u00e7ons c\u2019est cela la responsabilit\u00e9, c\u2019est \u00eatre pr\u00e9sent aux grands rendez-vous pour justement forcer le destin.<\/p>\n<p>Comment s\u2019y prendre sans faillir au respect de la Constitution dont vous \u00eates aussi le garant ? Eh bien par le biais du Conseil de S\u00e9curit\u00e9 Nationale auquel seront invit\u00e9s, outre les membres permanents du dit Conseil, le Pr\u00e9sident du Conseil Sup\u00e9rieur de la Magistrature, le Pr\u00e9sident de l\u2019ISIE, l\u2019UGTT, l\u2019UTICA et tous ceux qui pourraient faire avancer les travaux, vous pouvez vous mettre d\u2019accord sur une sortie honorable pour tous, tout en respectant l\u2019ind\u00e9pendance de la justice et de l\u2019ISIE et surtout en accordant la priorit\u00e9 \u00e0 la coh\u00e9sion sociale et l\u2019int\u00e9r\u00eat g\u00e9n\u00e9ral du pays.<\/p>\n<p><span class=\"c3\"><strong>Une sortie dont la teneur serait en gros,<\/strong><\/span> la lib\u00e9ration du candidat Karoui avant le d\u00e9marrage de la campagne \u00e9lectorale contre un compromis financier avec le fisc qu\u2019il r\u00e8gle avant sa lib\u00e9ration, tout en maintenant en vigueur la d\u00e9cision d\u2019interdiction de voyage et du gel de ses avoirs. Evidemment les experts trouveront la bonne mise en forme d\u2019un tel consensus. C\u2019est de la sorte, avec un compromis aussi mauvais qu\u2019il soit, qu\u2019on pourrait esp\u00e9rer sauver le pays de l\u2019irr\u00e9parable. En de telle situation, un compromis vaut certainement mieux qu\u2019une attitude se voulant \u00ab rigoriste \u00bb, mais qui ne peut mener qu\u2019\u00e0 une impasse et g\u00e9n\u00e9rer \u00e0 son tour de nouvelles positions encore plus radicales et c\u2019est la spirale de la violence.\u00a0<\/p>\n<p>&#8211; Que Dieu garde la Tunisie \u2013<\/p>\n<p class=\"c4\"><strong>G\u00e9n\u00e9ral (r) Mohamed Meddeb<\/strong><br \/><em>(Arm\u00e9e Nationale)<\/em><br \/>\u00a0\u00a0\u00a0\u00a0\u00a0\u00a0<br \/>\u00a0\u00a0\u00a0\u00a0<br \/>\u00a0<\/p>\n<p>Auteur:<br \/>\n<a href=\"https:\/\/www.leaders.com.tn\/article\/28034-mohamed-meddeb-m-le-president-de-la-republique-il-vous-revient-de-sauver-le-pays-de-cette-dangereuse-impasse\">Cliquez ici pour lire l&rsquo;article depuis sa source.<\/a><\/p>\n","protected":false},"excerpt":{"rendered":"<p>D\u2019abord je tiens \u00e0 pr\u00e9ciser que ce qui suit n\u2019est ni une attaque ni un appui ni \u00e0 l\u2019un ni \u00e0 l\u2019autre des deux pr\u00e9sidentiables, d\u2019ailleurs je n\u2019ai vot\u00e9 pour aucun des deux au premier tour. Ce n\u2019est qu\u2019une modeste tentative d\u2019\u00e9viter le pire au pays.\u00a0 M. le Pr\u00e9sident de la R\u00e9publique, de par vos [&hellip;]<\/p>\n","protected":false},"author":1772,"featured_media":0,"comment_status":"closed","ping_status":"closed","sticky":false,"template":"","format":"standard","meta":{"fifu_image_url":"","fifu_image_alt":"","footnotes":""},"categories":[73,55],"tags":[],"class_list":["post-61990","post","type-post","status-publish","format-standard","hentry","category-actualite","category-tunisie"],"_links":{"self":[{"href":"https:\/\/linitiative.ca\/International\/wp-json\/wp\/v2\/posts\/61990","targetHints":{"allow":["GET"]}}],"collection":[{"href":"https:\/\/linitiative.ca\/International\/wp-json\/wp\/v2\/posts"}],"about":[{"href":"https:\/\/linitiative.ca\/International\/wp-json\/wp\/v2\/types\/post"}],"author":[{"embeddable":true,"href":"https:\/\/linitiative.ca\/International\/wp-json\/wp\/v2\/users\/1772"}],"replies":[{"embeddable":true,"href":"https:\/\/linitiative.ca\/International\/wp-json\/wp\/v2\/comments?post=61990"}],"version-history":[{"count":0,"href":"https:\/\/linitiative.ca\/International\/wp-json\/wp\/v2\/posts\/61990\/revisions"}],"wp:attachment":[{"href":"https:\/\/linitiative.ca\/International\/wp-json\/wp\/v2\/media?parent=61990"}],"wp:term":[{"taxonomy":"category","embeddable":true,"href":"https:\/\/linitiative.ca\/International\/wp-json\/wp\/v2\/categories?post=61990"},{"taxonomy":"post_tag","embeddable":true,"href":"https:\/\/linitiative.ca\/International\/wp-json\/wp\/v2\/tags?post=61990"}],"curies":[{"name":"wp","href":"https:\/\/api.w.org\/{rel}","templated":true}]}}