{"id":61996,"date":"2019-09-22T07:31:17","date_gmt":"2019-09-22T11:31:17","guid":{"rendered":"https:\/\/linitiative.ca\/International\/faire-avec\/"},"modified":"2019-09-22T07:31:17","modified_gmt":"2019-09-22T11:31:17","slug":"faire-avec","status":"publish","type":"post","link":"https:\/\/linitiative.ca\/International\/faire-avec\/","title":{"rendered":"Faire avec\u2026"},"content":{"rendered":"<p><strong>Indiff\u00e9rence<\/strong><\/p>\n<div class=\"c10\"\/>\n<p>Puisque parait-il, tout devrait commencer et finir par des chansons, \u00e9voquons ce refrain qui, au si\u00e8cle dernier, tout en trustant les sommets du hit-parade fran\u00e7ais, trottait dans les esprits et les c\u0153urs des personnes sensibles \u00e0 l\u2019\u00e9motion. Gilbert B\u00e9caud, affubl\u00e9 \u00e0 son \u00e9poque du surnom de \u00ab monsieur 100.000 volts \u00bb avait, entre autres \u00ab tubes \u00bb (Nathalie, Mon p\u00e8re, L\u2019important c\u2019est la rose, L\u2019orange), etc., etc.) chant\u00e9 \u00ab l\u2019Indiff\u00e9rence \u00bb.\u00a0<\/p>\n<p>Des paroles terribles qui nous emmenaient tr\u00e8s loin, si loin qu\u2019aujourd\u2019hui encore, elles r\u00e9sonnent dans notre m\u00e9moire.\u00a0<\/p>\n<p>Ne vous \u00e9tonnez pas de lire que l\u2019\u00e9l\u00e9ment d\u00e9clencheur de ces souvenirs aura \u00e9t\u00e9 l\u2019Assembl\u00e9e G\u00e9n\u00e9rale du football qui s\u2019est tenue en d\u00e9but de cette semaine \u00e0 Skhirat, dans un Palais des Congr\u00e8s, devenu le haut lieu des joutes oratoires.<\/p>\n<p>Le football, depuis longtemps, s\u2019y est install\u00e9 avec toutes ses composantes, pour y tenir toutes sortes d\u2019assises.<\/p>\n<p>Pourtant la toute derni\u00e8re, l\u2019AG 2019 de la FRMF, aura brill\u00e9 par \u2026 l\u2019indiff\u00e9rence des uns et des autres et particuli\u00e8rement de quelques principaux concern\u00e9s.\u00a0 Au matin de ladite Assembl\u00e9e G\u00e9n\u00e9rale, ils \u00e9taient nombreux ce lundi-l\u00e0 qui r\u00e9pondaient \u00e0 la question :\u00a0 <em>\u00ab Allez-vous assister \u00e0 l\u2019assembl\u00e9e du football ?<\/em> \u00bb\u00a0 en bottant en touche. \u00ab Pour quoi faire ?\u00bb\u2026 <em>\u00abTout est d\u00e9cid\u00e9 \u00e0 l\u2019avance \u00bb<\/em> \u2026 <em>\u00abIls ont tout fabriqu\u00e9 et pr\u00e9par\u00e9 entre eux \u00bb\u2026. \u00abC\u2019est un non-\u00e9v\u00e8nement<\/em>\u00bb.<\/p>\n<p>Ces r\u00e9actions sont parmi les plus courtoises et les plus polic\u00e9es, car il en est d\u2019autres, carr\u00e9ment pol\u00e9miques portant sur la \u00ab d\u00e9sinvolture \u00bb de la gestion f\u00e9d\u00e9rale, sur les milliards d\u00e9pens\u00e9s, et surtout sur l\u2019absence totale de r\u00e9sultats frappants et convaincants avec les \u00e9liminations de la plupart des \u00e9quipes nationales. Ce samedi, 21 septembre, Ammouta jouera avec\u00a0 la s\u00e9lection des footballeurs locaux une partie compliqu\u00e9e face \u00e0 son homologue alg\u00e9rienne. Inutile de trop nous attarder sur le contexte passionnel des matchs intermaghr\u00e9bins, rencontres qui peuvent transcender le seul aspect sportif pour d\u00e9boucher sur toutes les exploitations socio-politiques. Ainsi, rencontrer l\u2019Alg\u00e9rie n\u2019est jamais innocent ni anodin.\u00a0 C\u2019\u00e9tait compliqu\u00e9 bien avant la Marche Verte et les r\u00e9actions qu\u2019elle a provoqu\u00e9es chez les responsables alg\u00e9riens,\u00a0 ont exacerb\u00e9 chaque rendez-vous maroco \u2013alg\u00e9rien sur un terrain de foot.\u00a0<\/p>\n<p>Que depuis la derni\u00e8re CAN, l\u2019Alg\u00e9rie soit devenue le champion d\u2019Afrique des Nations, au grand dam de l\u2019Egypte pays organisateur, du S\u00e9n\u00e9gal, Nig\u00e9ria et Cameroun \u00e9ternels favoris, et surtout de notre FRMF o\u00f9 le pr\u00e9sident Lekjaa s\u2019\u00e9tait investi pour la conqu\u00eate du Graal, n\u2019a fait que d\u00e9velopper un peu plus les rivalit\u00e9s.<\/p>\n<p>Le match de cette semaine compte pour le CHAN, comp\u00e9tition appel\u00e9e par les mauvaises langues, la CAN du pauvre, car elle met en lice les footeux non professionnels. Comprenez par-l\u00e0 les footballeurs \u00e9voluant dans leur propre pays, et non en Europe, Asie, Am\u00e9rique Latine.<\/p>\n<p>Le CHAN a \u00e9t\u00e9 cr\u00e9\u00e9 et voulu par Issa Hayatou ex-pr\u00e9sident de la CAF lorsque son instance a constat\u00e9 que les \u00e9quipes nationales des pays du continent africains se sont ouvertes \u00e0 tous ceux qui \u00e9voluent ailleurs qu\u2019en Afrique et qu\u2019il fallait donner une chance aux joueurs rest\u00e9s au pays de pouvoir repr\u00e9senter le pays o\u00f9 ils vivent.<\/p>\n<p>Id\u00e9e fort belle car elle offrait un d\u00e9bouch\u00e9, une issue glorifiante, \u00e0 des joueurs qui en \u00e9taient priv\u00e9s, car condamn\u00e9s \u00e0 rester spectateurs de \u00abstars\u00bb venues d\u2019ailleurs et \u00e9voluant sous des couleurs qui \u00e9taient leurs propres couleurs.<\/p>\n<p>Et c\u2019est ainsi que cette id\u00e9e g\u00e9n\u00e9reuse aura provoqu\u00e9 des grands malentendus.\u00a0<\/p>\n<p>A chaque contre-performance, les d\u00e9magos et pas qu\u2019eux, nous servaient la rengaine des joueurs pros surpay\u00e9s et qui ne sont pas meilleurs que ceux d\u2019ici.<\/p>\n<p>Discours populiste, dangereux mais que l\u2019impitoyable constat du r\u00e9sultat sec, autorise et m\u00eame alimente.<\/p>\n<p>Et cette lamentable situation n\u2019est pas exclusive au Maroc o\u00f9 des joueurs aussi incontestables que Hajji ou Chemmakh ont \u00e9t\u00e9 pris pour boucs \u00e9missaires \u00e0 chaque d\u00e9ception du public.<\/p>\n<p>Rappelez-vous aussi ce qu\u2019a d\u00fb endurer l\u2019impeccable Zyech d\u2019Ajax lors du fameux p\u00e9nalty rat\u00e9 en CAN 2019 face au B\u00e9nin.<\/p>\n<p>Il n\u2019y a pas que le Maroc qui vit cette schizophr\u00e9nie populo-footballistique; rappelons seulement qu\u2019un pro du Cameroun a failli \u00eatre lynch\u00e9, lui et sa famille, parce qu\u2019il avait eu le malheur de rater un p\u00e9nalty d\u00e9cisif.<\/p>\n<p>N\u2019allons pas plus loin et reparlons de l\u2019Alg\u00e9rie qui, avec le coach Belmadi juste avant la CAN subissaient les foudres des r\u00e9seaux sociaux, qualifiant tous les joueurs pros d\u2019Europe, dont Mahrez de mercenaires incomp\u00e9tents.<\/p>\n<p>Le titre 2019 obtenu au Caire a brusquement fait changer d\u2019avis aux populaces\u2026 Ainsi va le foot et ainsi va la vie dans nos contr\u00e9es.<\/p>\n<p>Des contr\u00e9es o\u00f9 \u00e0 force de privil\u00e8gier le populisme le plus primaire \u00e0 l\u2019analyse et \u00e0 la vraie info, on devient soumis \u00e0 toutes les d\u00e9rives et r\u00e8glements de compte d\u00e9plac\u00e9s et d\u00e9plaisants. Les dirigeants actuels du football, ont cherch\u00e9 \u00e0 caresser l\u2019opinion publique dans le sens du poil, faisant croire aux supporters et m\u00e9dias complaisants qu\u2019ils pouvaient r\u00e9gler tous les probl\u00e8mes.<\/p>\n<p>L\u2019indiff\u00e9rence quasi g\u00e9n\u00e9rale qui a entour\u00e9 l\u2019AG r\u00e9cente du foot national est un signe flagrant que la voie choisie n\u2019est pas la bonne.<\/p>\n<p>Il faudrait en tirer les conclusions et en appr\u00e9cier la le\u00e7on, fut-elle d\u00e9rangeante.<\/p>\n<p>L\u2019alerte est donn\u00e9e. Le signal de d\u00e9tresse a plan\u00e9 au-dessus d\u2019ors et de lumi\u00e8res artificielles du Palais des Congr\u00e8s.<\/p>\n<p>Que disait, \u00e0 propos, la chanson de B\u00e9caud : <em>\u00ab L\u2019Indiff\u00e9rence, elle te tue \u00e0 petits coups, l\u2019Indiff\u00e9rence c\u2019est quand tu parles alors que tout le monde s\u2019en fout \u2026 l\u2019Indiff\u00e9rence \u2026 \u00bb<\/em><\/p>\n<p><strong>Lekjaa et les autres<\/strong><\/p>\n<p>Le pr\u00e9sident de la FRMF, qui continue son mandat \u00e0 la t\u00eate du football marocain, est appel\u00e9 \u00e0 changer son fusil d\u2019\u00e9paule. Comprenez par l\u00e0 qu\u2019il va devoir privil\u00e9gier d\u2019autres valeurs que celles de l\u2019argent pour convaincre les uns et les autres.<\/p>\n<p>En mati\u00e8re de moyens financiers, Fouzi Lekjaa a mis le paquet. Et d\u00e9sormais, \u00e7a lui retombe sur la t\u00eate pour ne pas dire que \u00e7a lui \u00e9clate en pleine face. Les chiffres sont t\u00eatus et ils fleurissent dans les r\u00e9seaux et journaux.\u00a0<\/p>\n<blockquote class=\"wp-block-quote\">\n<p>Des milliards par ci, des centaines de millions par-l\u00e0, pour un total de 88 milliards de nos centimes qui claquent comme un \u00e9chec<\/p>\n<\/blockquote>\n<p>Dommage que tous les efforts et r\u00e9unions soient balay\u00e9s par ce constat qui fragilise un dirigeant qui, s\u2019il n\u2019a pas \u00e9conomis\u00e9 l\u2019argent, aura mis beaucoup de son temps et de son enthousiasme au service du ballon rond.<\/p>\n<p>Un ballon rond capricieux qui peut nous pr\u00e9cipiter dans le doute et le d\u00e9sarroi. Un tir rat\u00e9 et voil\u00e0 qu\u2019on nous jette en pleine figure les milliards investis. Des milliards dont personne n\u2019aurait parl\u00e9 si les Lions de l\u2019Atlas avaient pass\u00e9 le \u00abcut \u00bb.<\/p>\n<p>C\u2019est comme \u00e7a \u2026 il faut faire avec. En acceptant le foot avec ses beaut\u00e9s et ses \u00e9motions, ses injustices et ses d\u00e9ceptions.<\/p>\n<p>Des d\u00e9ceptions qui se sont si multipli\u00e9es qu\u2019il aurait fallu une AG plus tapageuse et moins \u00ab organis\u00e9e \u00bb, une rencontre plus \u00ab punchie\u00bb comme on dit aujourd\u2019hui, pour\u00a0 \u00e9chapper \u00e0 la pire sanction que peut vous infliger l\u2019opinion publique. Oui, car il y a pire que la col\u00e8re, le tapage et la contestation. Oui. Car la pire sanction n\u2019est autre que l\u2019indiff\u00e9rence. Et avec l\u2019AG du lundi dernier, on y \u00e9tait en plein.<\/p>\n<div class=\"c17\">\n<fieldset class=\"c16\">\n<legend><strong><span class=\"c11\">Challenge<\/span><span class=\"c12\">news<\/span><\/strong><\/legend>\n<div class=\"c15\">Le meilleur de la r\u00e9daction s\u00e9lectionn\u00e9 par Challenge :<\/p>\n<\/div>\n<\/fieldset>\n<\/div>\n<p>Auteur: Najib Salmi<br \/>\n<a href=\"https:\/\/www.challenge.ma\/faire-avec-118067\/\">Cliquez ici pour lire l&rsquo;article depuis sa source.<\/a><\/p>\n","protected":false},"excerpt":{"rendered":"<p>Indiff\u00e9rence Puisque parait-il, tout devrait commencer et finir par des chansons, \u00e9voquons ce refrain qui, au si\u00e8cle dernier, tout en trustant les sommets du hit-parade fran\u00e7ais, trottait dans les esprits et les c\u0153urs des personnes sensibles \u00e0 l\u2019\u00e9motion. Gilbert B\u00e9caud, affubl\u00e9 \u00e0 son \u00e9poque du surnom de \u00ab monsieur 100.000 volts \u00bb avait, entre autres [&hellip;]<\/p>\n","protected":false},"author":1787,"featured_media":0,"comment_status":"closed","ping_status":"closed","sticky":false,"template":"","format":"standard","meta":{"fifu_image_url":"","fifu_image_alt":"","footnotes":""},"categories":[78,54],"tags":[],"class_list":["post-61996","post","type-post","status-publish","format-standard","hentry","category-economie","category-maroc"],"_links":{"self":[{"href":"https:\/\/linitiative.ca\/International\/wp-json\/wp\/v2\/posts\/61996","targetHints":{"allow":["GET"]}}],"collection":[{"href":"https:\/\/linitiative.ca\/International\/wp-json\/wp\/v2\/posts"}],"about":[{"href":"https:\/\/linitiative.ca\/International\/wp-json\/wp\/v2\/types\/post"}],"author":[{"embeddable":true,"href":"https:\/\/linitiative.ca\/International\/wp-json\/wp\/v2\/users\/1787"}],"replies":[{"embeddable":true,"href":"https:\/\/linitiative.ca\/International\/wp-json\/wp\/v2\/comments?post=61996"}],"version-history":[{"count":0,"href":"https:\/\/linitiative.ca\/International\/wp-json\/wp\/v2\/posts\/61996\/revisions"}],"wp:attachment":[{"href":"https:\/\/linitiative.ca\/International\/wp-json\/wp\/v2\/media?parent=61996"}],"wp:term":[{"taxonomy":"category","embeddable":true,"href":"https:\/\/linitiative.ca\/International\/wp-json\/wp\/v2\/categories?post=61996"},{"taxonomy":"post_tag","embeddable":true,"href":"https:\/\/linitiative.ca\/International\/wp-json\/wp\/v2\/tags?post=61996"}],"curies":[{"name":"wp","href":"https:\/\/api.w.org\/{rel}","templated":true}]}}