{"id":61998,"date":"2019-09-22T10:36:09","date_gmt":"2019-09-22T14:36:09","guid":{"rendered":"https:\/\/linitiative.ca\/International\/comment-lusfp-compte-rebondir\/"},"modified":"2019-09-22T10:36:09","modified_gmt":"2019-09-22T14:36:09","slug":"comment-lusfp-compte-rebondir","status":"publish","type":"post","link":"https:\/\/linitiative.ca\/International\/comment-lusfp-compte-rebondir\/","title":{"rendered":"Comment l\u2019USFP compte rebondir"},"content":{"rendered":"<p><strong>R\u00e9conciliation, ouverture sur la soci\u00e9t\u00e9 et d\u00e9bats internes soutenus, l\u2019USFP veut retrouver son lustre en s\u2019appuyant sur la pens\u00e9e prospective.<\/strong><\/p>\n<div class=\"c10\"\/>\n<p>Non, le processus de <strong>r\u00e9conciliation<\/strong> des Tihadis n\u2019est pas un gadget. C\u2019est en tous cas ce que la commission charg\u00e9e d\u2019organiser l\u2019\u00e9v\u00e9nement, \u00e0 la fois au niveau national et local s\u2019\u00e9vertue \u00e0 adresser comme message<strong>.<\/strong><\/p>\n<p>Le 60\u00e8me <strong>anniversaire<\/strong> de la cr\u00e9ation du Tihad est un argument fort. Ce parti veut d\u2019abord montrer comment il a pes\u00e9 sur la vie politique au Maroc. Des documents \u00e9crits, audio, des images seront mis \u00e0 la disposition du public. Dans ce cadre, la commission a d\u00e9lib\u00e9r\u00e9ment choisi de ne rien censurer. Les invit\u00e9s de la c\u00e9r\u00e9monie du 29 octobre seront surpris. Ils pourront voir les photos, mais aussi les \u00e9crits de Bouabid, Benbarka, Abdellah Ibrahim, Fkih Basri et Bensaid A\u00eft Idder. Tous les livres consacr\u00e9s au mouvement seront expos\u00e9s, y compris les plus critiques. Cet \u00e9v\u00e9nement permettra aussi de mettre en lumi\u00e8re la production Tihadie au niveau de la pens\u00e9e. Les documents des congr\u00e8s de l\u2019USFP, avec l\u2019analyse sociologique politique et les propositions seront pr\u00e9sent\u00e9s. Certains restent d\u2019actualit\u00e9, on peut penser \u00e0 <em>\u00ab la d\u00e9mocratisation de l\u2019Etat et de la soci\u00e9t\u00e9 \u00bb<\/em> qui r\u00e9clamait une monarchie parlementaire en\u2026 1989.<\/p>\n<p><strong>Quel projet pour l\u2019avenir ?<\/strong><\/p>\n<p>Mais cet exercice n\u2019est pas uniquement narcissique. Il ne vise pas \u00e0 glorifier le pass\u00e9, avec ses multiples erreurs, ni \u00e0 organiser un \u00e9v\u00e9nement nostalgique. L\u2019objectif est de relancer l\u2019<strong>USFP<\/strong>, dans une conjoncture tr\u00e8s difficile pour le pays. La bipolarisation a \u00e9chou\u00e9, le jeu politique est vici\u00e9 et la gauche est en miettes.<\/p>\n<p>Il est imp\u00e9ratif pour l\u2019USFP de sortir des congr\u00e8s organisationnels o\u00f9 l\u2019unique enjeu c\u2019est d\u2019\u00e9lire les instances dirigeantes. Pour la premi\u00e8re fois au Maroc, un parti annonce qu\u2019il d\u00e9signera la commission pr\u00e9paratoire de son prochain congr\u00e8s 18 mois avant la tenue de celui-ci. L\u2019objectif, c\u2019est de permettre un vrai d\u00e9bat pour que le parti soit r\u00e9arm\u00e9 au niveau de la pens\u00e9e et que le <strong>congr\u00e8s<\/strong> puisse sortir avec un vrai projet pour l\u2019avenir, qui encadrera l\u2019action politique des futurs dirigeants. C\u2019est un projet colossal parce qu\u2019il influera sur la classe partisane et cr\u00e9era enfin les conditions des vrais clivages.<\/p>\n<div class=\"c17\">\n<fieldset class=\"c16\">\n<legend><strong><span class=\"c11\">Challenge<\/span><span class=\"c12\">news<\/span><\/strong><\/legend>\n<div class=\"c15\">Le meilleur de la r\u00e9daction s\u00e9lectionn\u00e9 par Challenge :<\/p>\n<\/div>\n<\/fieldset>\n<\/div>\n<p>Auteur: Jamal Berraoui<br \/>\n<a href=\"https:\/\/www.challenge.ma\/comment-lusfp-compte-rebondir-118048\/\">Cliquez ici pour lire l&rsquo;article depuis sa source.<\/a><\/p>\n","protected":false},"excerpt":{"rendered":"<p>R\u00e9conciliation, ouverture sur la soci\u00e9t\u00e9 et d\u00e9bats internes soutenus, l\u2019USFP veut retrouver son lustre en s\u2019appuyant sur la pens\u00e9e prospective. Non, le processus de r\u00e9conciliation des Tihadis n\u2019est pas un gadget. C\u2019est en tous cas ce que la commission charg\u00e9e d\u2019organiser l\u2019\u00e9v\u00e9nement, \u00e0 la fois au niveau national et local s\u2019\u00e9vertue \u00e0 adresser comme message. [&hellip;]<\/p>\n","protected":false},"author":1787,"featured_media":0,"comment_status":"closed","ping_status":"closed","sticky":false,"template":"","format":"standard","meta":{"fifu_image_url":"","fifu_image_alt":"","footnotes":""},"categories":[78,54],"tags":[],"class_list":["post-61998","post","type-post","status-publish","format-standard","hentry","category-economie","category-maroc"],"_links":{"self":[{"href":"https:\/\/linitiative.ca\/International\/wp-json\/wp\/v2\/posts\/61998","targetHints":{"allow":["GET"]}}],"collection":[{"href":"https:\/\/linitiative.ca\/International\/wp-json\/wp\/v2\/posts"}],"about":[{"href":"https:\/\/linitiative.ca\/International\/wp-json\/wp\/v2\/types\/post"}],"author":[{"embeddable":true,"href":"https:\/\/linitiative.ca\/International\/wp-json\/wp\/v2\/users\/1787"}],"replies":[{"embeddable":true,"href":"https:\/\/linitiative.ca\/International\/wp-json\/wp\/v2\/comments?post=61998"}],"version-history":[{"count":0,"href":"https:\/\/linitiative.ca\/International\/wp-json\/wp\/v2\/posts\/61998\/revisions"}],"wp:attachment":[{"href":"https:\/\/linitiative.ca\/International\/wp-json\/wp\/v2\/media?parent=61998"}],"wp:term":[{"taxonomy":"category","embeddable":true,"href":"https:\/\/linitiative.ca\/International\/wp-json\/wp\/v2\/categories?post=61998"},{"taxonomy":"post_tag","embeddable":true,"href":"https:\/\/linitiative.ca\/International\/wp-json\/wp\/v2\/tags?post=61998"}],"curies":[{"name":"wp","href":"https:\/\/api.w.org\/{rel}","templated":true}]}}