{"id":62007,"date":"2019-09-22T17:11:26","date_gmt":"2019-09-22T21:11:26","guid":{"rendered":"https:\/\/linitiative.ca\/International\/paris-un-violent-incendie-ravage-une-maison-de-retraite\/"},"modified":"2019-09-22T17:11:26","modified_gmt":"2019-09-22T21:11:26","slug":"paris-un-violent-incendie-ravage-une-maison-de-retraite","status":"publish","type":"post","link":"https:\/\/linitiative.ca\/International\/paris-un-violent-incendie-ravage-une-maison-de-retraite\/","title":{"rendered":"Paris\u00a0: Un violent incendie ravage une maison de retraite"},"content":{"rendered":"<div class=\"post-cont-in left relative\">\n<div class=\"swp_social_panel swp_horizontal_panel swp_flat_fresh swp_default_full_color swp_individual_full_color swp_other_full_color scale-100 scale-\" data-min-width=\"1100\" data-float-color=\"#ffffff\" data-float=\"none\" data-float-mobile=\"none\" data-transition=\"slide\">\n<div class=\"nc_tweetContainer swp_share_button total_shares total_sharesalt\"><span class=\"swp_count\">1 <span class=\"swp_label\">Partages<\/span><\/span><\/div>\n<\/div>\n<p>Un incendie s\u2019est d\u00e9clar\u00e9 ce dimanche en fin d\u2019apr\u00e8s-midi dans une maison de retraite du 19\u00e8me arrondissement de Paris, ont rapport\u00e9 les pompiers de la capitale. Ce feu, qui a \u00e9t\u00e9 ma\u00eetris\u00e9,\u00a0a fait trois bless\u00e9s, dont deux l\u00e9gers et un grave d\u2019apr\u00e8s un bilan provisoire.<\/p>\n<p>L\u2019incendie, qualifi\u00e9 par les pompiers de violent, a d\u00e9but\u00e9 dans un appartement situ\u00e9\u00a0au dernier \u00e9tage d\u2019un b\u00e2timent de six \u00e9tages.<\/p>\n<div class=\"code-block code-block-1 c3\"><ins class=\"adsbygoogle c2\" data-ad-layout=\"in-article\" data-ad-format=\"fluid\" data-ad-client=\"ca-pub-2102118777505746\" data-ad-slot=\"7301775417\"\/> <\/div>\n<p>Selon les sapeurs pompiers, l\u2019\u00e9vacuation a \u00e9t\u00e9 tr\u00e8s complexe. En tout, 80 pompiers ont \u00e9t\u00e9 mobilis\u00e9s\u00a0et l\u2019op\u00e9ration a n\u00e9cessit\u00e9 l\u2019utilisation d\u2019une vingtaine d\u2019engins.<\/p>\n<p><strong>Que se passe-t-il en Tunisie?<\/strong><br \/>Nous expliquons sur notre <a href=\"https:\/\/www.youtube.com\/channel\/UCRzypVq0B_yBad5eGrwBx0Q?sub_confirmation=1\" target=\"_blank\" rel=\"noopener noreferrer\">cha\u00eene YouTube<\/a> . <a href=\"https:\/\/www.youtube.com\/channel\/UCRzypVq0B_yBad5eGrwBx0Q?sub_confirmation=1\" target=\"_blank\" rel=\"noopener noreferrer\">Abonnez-vous!<\/a><\/p>\n<div class=\"mvp-org-wrap mvp-org-logo\" itemprop=\"publisher\" itemscope=\"\" itemtype=\"https:\/\/schema.org\/Organization\">\n<p><img decoding=\"async\" src=\"https:\/\/www.tunisienumerique.com\/wp-content\/uploads\/2017\/02\/logo_tunisie_numerique.png\"\/><\/p>\n<\/div>\n<div class=\"swp_social_panel swp_horizontal_panel swp_flat_fresh swp_default_full_color swp_individual_full_color swp_other_full_color scale-100 scale-\" data-min-width=\"1100\" data-float-color=\"#ffffff\" data-float=\"none\" data-float-mobile=\"none\" data-transition=\"slide\">\n<div class=\"nc_tweetContainer swp_share_button total_shares total_sharesalt\"><span class=\"swp_count\">1 <span class=\"swp_label\">Partages<\/span><\/span><\/div>\n<\/div>\n<div class=\"mvp-related-posts left relative\">\n<h4 class=\"post-header\"><span class=\"post-header\">Lire aussi<\/span><\/h4>\n<\/div>\n<\/div>\n<p>Auteur: LM<br \/>\n<a href=\"https:\/\/www.tunisienumerique.com\/paris-un-violent-incendie-ravage-une-maison-de-retraite\/\">Cliquez ici pour lire l&rsquo;article depuis sa source.<\/a><\/p>\n","protected":false},"excerpt":{"rendered":"<p>1 Partages Un incendie s\u2019est d\u00e9clar\u00e9 ce dimanche en fin d\u2019apr\u00e8s-midi dans une maison de retraite du 19\u00e8me arrondissement de Paris, ont rapport\u00e9 les pompiers de la capitale. Ce feu, qui a \u00e9t\u00e9 ma\u00eetris\u00e9,\u00a0a fait trois bless\u00e9s, dont deux l\u00e9gers et un grave d\u2019apr\u00e8s un bilan provisoire. L\u2019incendie, qualifi\u00e9 par les pompiers de violent, a [&hellip;]<\/p>\n","protected":false},"author":1789,"featured_media":62008,"comment_status":"closed","ping_status":"closed","sticky":false,"template":"","format":"standard","meta":{"fifu_image_url":"","fifu_image_alt":"","footnotes":""},"categories":[73,55],"tags":[],"class_list":["post-62007","post","type-post","status-publish","format-standard","has-post-thumbnail","hentry","category-actualite","category-tunisie"],"_links":{"self":[{"href":"https:\/\/linitiative.ca\/International\/wp-json\/wp\/v2\/posts\/62007","targetHints":{"allow":["GET"]}}],"collection":[{"href":"https:\/\/linitiative.ca\/International\/wp-json\/wp\/v2\/posts"}],"about":[{"href":"https:\/\/linitiative.ca\/International\/wp-json\/wp\/v2\/types\/post"}],"author":[{"embeddable":true,"href":"https:\/\/linitiative.ca\/International\/wp-json\/wp\/v2\/users\/1789"}],"replies":[{"embeddable":true,"href":"https:\/\/linitiative.ca\/International\/wp-json\/wp\/v2\/comments?post=62007"}],"version-history":[{"count":0,"href":"https:\/\/linitiative.ca\/International\/wp-json\/wp\/v2\/posts\/62007\/revisions"}],"wp:featuredmedia":[{"embeddable":true,"href":"https:\/\/linitiative.ca\/International\/wp-json\/"}],"wp:attachment":[{"href":"https:\/\/linitiative.ca\/International\/wp-json\/wp\/v2\/media?parent=62007"}],"wp:term":[{"taxonomy":"category","embeddable":true,"href":"https:\/\/linitiative.ca\/International\/wp-json\/wp\/v2\/categories?post=62007"},{"taxonomy":"post_tag","embeddable":true,"href":"https:\/\/linitiative.ca\/International\/wp-json\/wp\/v2\/tags?post=62007"}],"curies":[{"name":"wp","href":"https:\/\/api.w.org\/{rel}","templated":true}]}}