{"id":62014,"date":"2019-09-23T10:00:26","date_gmt":"2019-09-23T14:00:26","guid":{"rendered":"https:\/\/linitiative.ca\/International\/ingenieurs-geometres-topographes-un-metier-engage-en-faveur-de-la-reussite-des-politiques-sectorielles\/"},"modified":"2019-09-23T10:00:26","modified_gmt":"2019-09-23T14:00:26","slug":"ingenieurs-geometres-topographes-un-metier-engage-en-faveur-de-la-reussite-des-politiques-sectorielles","status":"publish","type":"post","link":"https:\/\/linitiative.ca\/International\/ingenieurs-geometres-topographes-un-metier-engage-en-faveur-de-la-reussite-des-politiques-sectorielles\/","title":{"rendered":"Ing\u00e9nieurs g\u00e9om\u00e8tres topographes : Un m\u00e9tier engag\u00e9 en faveur de la r\u00e9ussite des politiques sectorielles"},"content":{"rendered":"<p><img decoding=\"async\" class=\"post_layout_5_img\" src=\"http:\/\/aujourdhui.ma\/wp-content\/uploads\/2019\/09\/Mohamed-Sadiki-cermonie-Inge%CC%81nieurs-ge%CC%81ome%CC%80tres-topographes-1.jpg?x29840\" alt=\"Ing\u00e9nieurs g\u00e9om\u00e8tres topographes : Un m\u00e9tier engag\u00e9 en faveur de la r\u00e9ussite des politiques sectorielles\"\/><\/p>\n<p class=\"p1\"><span class=\"c4\"><strong><em>L\u2019ing\u00e9nieur g\u00e9om\u00e8tre topographe constitue une force de conseil et un r\u00e9f\u00e9rent en mati\u00e8re de foncier, d\u2019\u00e9laboration et d\u2019interpr\u00e9tation de donn\u00e9es g\u00e9o-spatiales, de respect du droit et des normes.<\/em><\/strong><\/span><span id=\"more-318464\"\/><\/p>\n<p class=\"p1\"><span class=\"s1\">Ils sont 1250 ing\u00e9nieurs g\u00e9om\u00e8tres topographes inscrits au tableau de l\u2019Ordre au niveau national. Le m\u00e9tier d\u2019ing\u00e9nieur g\u00e9om\u00e8tre topographe compte \u00e9galement quelque 700 entreprises, un capital d\u2019investissement de 75 millions de dirhams, quelque 10.000 emplois directs et des dizaines de milliers d\u2019emplois indirects. Ces chiffres ont \u00e9t\u00e9 d\u00e9voil\u00e9s lors de la journ\u00e9e sur la profession ayant eu lieu samedi 21 septembre \u00e0 Rabat. L\u2019occasion \u00e9tant d\u2019accueillir les nouveaux ing\u00e9nieurs dipl\u00f4m\u00e9s de cette fili\u00e8re, c\u00e9l\u00e9brant ainsi les laur\u00e9ats ing\u00e9nieurs de la promotion 2019 de l\u2019Institut agronomique et v\u00e9t\u00e9rinaire Hassan II.<\/span><\/p>\n<p class=\"p1\"><span class=\"s1\">Cette journ\u00e9e organis\u00e9e par l\u2019Ordre national des ing\u00e9nieurs g\u00e9om\u00e9tres-topographes, en partenariat avec le minist\u00e8re de l\u2019agriculture, de la p\u00eache maritime, du d\u00e9veloppement rural et des eaux et for\u00eats et l\u2019Agence nationale de la conservation fonci\u00e8re, du cadastre et de la cartographie (ANCFCC), tend \u00e0 mettre la lumi\u00e8re sur la mission de l\u2019ing\u00e9nieur g\u00e9om\u00e8tre topographe et son r\u00f4le dans la r\u00e9ussite des politiques sectorielles et la r\u00e9alisation des grands chantiers structurants du pays. Cette manifestation a permis par ailleurs de sensibiliser les laur\u00e9ats par leurs a\u00een\u00e9s \u00e0 leurs devoirs professionnels et aux principes de moralit\u00e9, d\u2019\u00e9thique et de responsabilit\u00e9 li\u00e9s \u00e0 l\u2019exercice du m\u00e9tier. Intervenant dans ce sens, Mohamed Sadiki, secr\u00e9taire g\u00e9n\u00e9ral du minist\u00e8re de l\u2019agriculture, de la p\u00eache maritime, du d\u00e9veloppement rural et des eaux et for\u00eats, a mis l\u2019accent sur le dispositif de l\u2019enseignement sup\u00e9rieur agricole et le r\u00f4le des \u00e9tablissements de formation pour r\u00e9pondre aux exigences et aux besoins \u00e0 la fois qualitatifs et quantitatifs d\u2019un march\u00e9 de travail en continuelle transformation.<\/span><\/p>\n<p><a href=\"http:\/\/aujourdhui.ma\/wp-content\/uploads\/2019\/09\/Mohamed-Sadiki-cermonie-Inge%CC%81nieurs-ge%CC%81ome%CC%80tres-topographes-.jpg?x29840\"><img loading=\"lazy\" decoding=\"async\" class=\"size-full wp-image-318468 aligncenter\" src=\"http:\/\/aujourdhui.ma\/wp-content\/uploads\/2019\/09\/Mohamed-Sadiki-cermonie-Inge%CC%81nieurs-ge%CC%81ome%CC%80tres-topographes-.jpg?x29840\" alt=\"\" width=\"746\" height=\"513\" srcset=\"http:\/\/aujourdhui.ma\/wp-content\/uploads\/2019\/09\/Mohamed-Sadiki-cermonie-Inge\u0301nieurs-ge\u0301ome\u0300tres-topographes-.jpg 746w, http:\/\/aujourdhui.ma\/wp-content\/uploads\/2019\/09\/Mohamed-Sadiki-cermonie-Inge\u0301nieurs-ge\u0301ome\u0300tres-topographes--300x206.jpg 300w\" sizes=\"auto, (max-width: 746px) 100vw, 746px\"\/><\/a><\/p>\n<p class=\"p1\"><span class=\"s1\">La strat\u00e9gie nationale de l\u2019enseignement, de la formation et de la recherche agricole qui d\u00e9coule du Plan Maroc Vert a contribu\u00e9 \u00e0 faire \u00e9merger des cadres sup\u00e9rieurs de tr\u00e8s haut niveau, capables de contribuer activement \u00e0 la r\u00e9ussite des politiques sectorielles et \u00e0 la r\u00e9alisation des grands chantiers structurants. M. Sadiki a salu\u00e9 dans ce sens le r\u00f4le de l\u2019Institut agronomique et v\u00e9t\u00e9rinaire Hassan II dans la formation des ing\u00e9nieurs g\u00e9om\u00e8tres topographes et ses efforts continus en mati\u00e8re de r\u00e9ajustement des programmes de formation et de recherche, d\u2019encadrement et de pr\u00e9paration des jeunes dipl\u00f4m\u00e9s \u00e0 l\u2019insertion dans la vie active. Le secr\u00e9taire g\u00e9n\u00e9ral du minist\u00e8re a par ailleurs lou\u00e9 le r\u00f4le important de l\u2019Ordre national des ing\u00e9nieurs g\u00e9om\u00e8tres topographes (ONIGT) en tant que garant de l\u2019\u00e9thique professionnelle et son devoir de r\u00e9glementer et de g\u00e9rer l\u2019exercice de la profession. Il a \u00e9galement salu\u00e9 le r\u00f4le important que joue l\u2019Agence nationale de la conservation fonci\u00e8re, du cadastre et de la cartographie dans la strat\u00e9gie fonci\u00e8re nationale et porte toute la dynamique de modernisation de ce secteur. Cette rencontre a \u00e9t\u00e9 une occasion pour pr\u00e9senter l\u2019\u00e9lan ambitieux et prometteur dont jouit la profession depuis 2016. En effet, ce m\u00e9tier avec la mise en place de \u00abla nouvelle vision pour une nouvelle \u00e8re ONIGT\u00bb adopt\u00e9e par l\u2019Ordre national a permis d\u2019engager et de renforcer le partenariat actif avec un ensemble d\u2019institutions nationales et internationales.<\/span><\/p>\n<p class=\"p1\"><span class=\"s1\">Notons que l\u2019ing\u00e9nieur g\u00e9om\u00e8tre topographe constitue une force de conseil et un r\u00e9f\u00e9rent en mati\u00e8re de foncier, d\u2019\u00e9laboration et d\u2019interpr\u00e9tation de donn\u00e9es g\u00e9o-spatiales, de respect du droit et des normes. Son champ d\u2019action va des \u00e9tudes et op\u00e9rations pr\u00e9liminaires, jusqu\u2019\u00e0 l\u2019aboutissement des projets. C\u2019est un intervenant incontournable dans plusieurs secteurs tels l\u2019agriculture, l\u2019\u00e9quipement, le transport, l\u2019habitat, l\u2019urbanisme et l\u2019am\u00e9nagement du territoire. Ce corps professionnel intervient dans tous les p\u00f4les de comp\u00e9titivit\u00e9, en l\u2019occurrence le Plan Maroc Vert et le grand chantier de g\u00e9n\u00e9ralisation de l\u2019immatriculation fonci\u00e8re, ainsi que les grands projets structurants tels que le complexe \u00e9nerg\u00e9tique thermo-solaire \u00abNoor Ouarzazate\u00bb ou Tanger Med.<\/span><\/p>\n<p>Auteur: ALM<br \/>\n<a href=\"http:\/\/aujourdhui.ma\/economie\/ingenieurs-geometres-topographes-un-metier-engage-en-faveur-de-la-reussite-des-politiques-sectorielles\">Cliquez ici pour lire l&rsquo;article depuis sa source.<\/a><\/p>\n","protected":false},"excerpt":{"rendered":"<p>L\u2019ing\u00e9nieur g\u00e9om\u00e8tre topographe constitue une force de conseil et un r\u00e9f\u00e9rent en mati\u00e8re de foncier, d\u2019\u00e9laboration et d\u2019interpr\u00e9tation de donn\u00e9es g\u00e9o-spatiales, de respect du droit et des normes. Ils sont 1250 ing\u00e9nieurs g\u00e9om\u00e8tres topographes inscrits au tableau de l\u2019Ordre au niveau national. Le m\u00e9tier d\u2019ing\u00e9nieur g\u00e9om\u00e8tre topographe compte \u00e9galement quelque 700 entreprises, un capital d\u2019investissement [&hellip;]<\/p>\n","protected":false},"author":1759,"featured_media":0,"comment_status":"closed","ping_status":"closed","sticky":false,"template":"","format":"standard","meta":{"fifu_image_url":"","fifu_image_alt":"","footnotes":""},"categories":[73,54],"tags":[],"class_list":["post-62014","post","type-post","status-publish","format-standard","hentry","category-actualite","category-maroc"],"_links":{"self":[{"href":"https:\/\/linitiative.ca\/International\/wp-json\/wp\/v2\/posts\/62014","targetHints":{"allow":["GET"]}}],"collection":[{"href":"https:\/\/linitiative.ca\/International\/wp-json\/wp\/v2\/posts"}],"about":[{"href":"https:\/\/linitiative.ca\/International\/wp-json\/wp\/v2\/types\/post"}],"author":[{"embeddable":true,"href":"https:\/\/linitiative.ca\/International\/wp-json\/wp\/v2\/users\/1759"}],"replies":[{"embeddable":true,"href":"https:\/\/linitiative.ca\/International\/wp-json\/wp\/v2\/comments?post=62014"}],"version-history":[{"count":0,"href":"https:\/\/linitiative.ca\/International\/wp-json\/wp\/v2\/posts\/62014\/revisions"}],"wp:attachment":[{"href":"https:\/\/linitiative.ca\/International\/wp-json\/wp\/v2\/media?parent=62014"}],"wp:term":[{"taxonomy":"category","embeddable":true,"href":"https:\/\/linitiative.ca\/International\/wp-json\/wp\/v2\/categories?post=62014"},{"taxonomy":"post_tag","embeddable":true,"href":"https:\/\/linitiative.ca\/International\/wp-json\/wp\/v2\/tags?post=62014"}],"curies":[{"name":"wp","href":"https:\/\/api.w.org\/{rel}","templated":true}]}}