{"id":62017,"date":"2019-09-23T10:44:10","date_gmt":"2019-09-23T14:44:10","guid":{"rendered":"https:\/\/linitiative.ca\/International\/jacob-delafon-poursuit-le-developpement-de-son-unite-tangeroise-une-usine-marocaine-aux-racines-francaises\/"},"modified":"2019-09-23T10:44:10","modified_gmt":"2019-09-23T14:44:10","slug":"jacob-delafon-poursuit-le-developpement-de-son-unite-tangeroise-une-usine-marocaine-aux-racines-francaises","status":"publish","type":"post","link":"https:\/\/linitiative.ca\/International\/jacob-delafon-poursuit-le-developpement-de-son-unite-tangeroise-une-usine-marocaine-aux-racines-francaises\/","title":{"rendered":"Jacob Delafon poursuit le d\u00e9veloppement de son unit\u00e9 tang\u00e9roise : Une usine marocaine aux racines fran\u00e7aises"},"content":{"rendered":"<p><img decoding=\"async\" class=\"post_layout_5_img\" src=\"http:\/\/aujourdhui.ma\/wp-content\/uploads\/2019\/09\/Jacob-Delafon-usine.jpg?x29840\" alt=\"Jacob Delafon poursuit le d\u00e9veloppement de son unit\u00e9 tang\u00e9roise : Une usine marocaine aux racines fran\u00e7aises\"\/><\/p>\n<p class=\"p1\"><span class=\"s1 c4\"><strong>Dot\u00e9 d\u2019une capacit\u00e9 de production de plus de 1,5 million de pi\u00e8ces par an, le site tang\u00e9rois repr\u00e9sente aujourd\u2019hui la premi\u00e8re usine c\u00e9ramique du Groupe Kohler pour l\u2019Europe et la sixi\u00e8me dans le monde.<\/strong><\/span><span id=\"more-318480\"\/><\/p>\n<p class=\"p1\"><span class=\"s1\">Jacob Delafon, c\u2019est 130 ans et pas une ride. Le sp\u00e9cialiste des univers de la salle de bains qui f\u00eate cette ann\u00e9e son cent trenti\u00e8me anniversaire tout en cherchant constamment \u00e0 \u00eatre \u00e0 la page et se conformer aux go\u00fbts en vigeur. Il fait du Maroc une base strat\u00e9gique pour la production et l\u2019exportation de ses produits. Dans ce sens, la marque poursuit le d\u00e9veloppement de son usine de Tanger. L\u2019installation de Jacob Delafon dans la ville du d\u00e9troit remonte \u00e0 1980. Son usine repr\u00e9sente aujourd\u2019hui un acteur \u00e9conomique incontournable dans la r\u00e9gion. Forte de plus de 500 collaborateurs, l\u2019unit\u00e9 produit des pi\u00e8ces en porcelaine et en gr\u00e8s fin \u00e0 destination de l\u2019Union europ\u00e9enne, du Maghreb, de la Russie, du Moyen-Orient et de l\u2019Afrique, contribuant ainsi au rayonnement du Made in Morocco dans le monde. Dot\u00e9 d\u2019une capacit\u00e9 de production de plus de 1,5 million de pi\u00e8ces par an, le site tang\u00e9rois repr\u00e9sente aujourd\u2019hui la premi\u00e8re usine c\u00e9ramique du Groupe Kohler pour l\u2019Europe et la sixi\u00e8me dans le monde. La marque ambitionne de faire de cette unit\u00e9 industrielle une v\u00e9ritable base d\u2019op\u00e9ration r\u00e9gionale qui lui permettra de confirmer son leadership au Maghreb et sur les march\u00e9s africains.<\/span><\/p>\n<p class=\"p1\"><span class=\"s1\">Pour ce faire, Jacob Delafon compte sur son plan strat\u00e9gique, lanc\u00e9 en 2010, et qui lui a permis d\u2019augmenter de plus de 75% la capacit\u00e9 de production totale de son usine de Tanger. Depuis 2011, la marque a investi plus de 220 millions de dirhams en vue de faire de ce site un outil industriel \u00e0 la pointe de la technologie. 130 millions DH ont \u00e9t\u00e9 consacr\u00e9s aux \u00e9quipements industriels, 70 millions DH aux infrastructures et b\u00e2timents additionnels, et 20 millions de dirhams \u00e0 la recherche et d\u00e9veloppement. L\u2019ampleur de cet investissement t\u00e9moigne de la confiance du Groupe Kohler dans la comp\u00e9tence des ressources marocaines. C\u2019est dire toute l\u2019importance que rev\u00eat cette usine pour le g\u00e9ant fran\u00e7ais. <em>\u00abL\u2019usine de Tanger est notre muscle. Le Maroc est de plus le hub d\u2019exportations de nos produits au niveau mondial\u00bb<\/em> souligne Olivier Lefebvre, pr\u00e9sident EMEA du Groupe Kohler-Jacob Delafon. Cette mont\u00e9e en puissance de l\u2019usine s\u2019est accompagn\u00e9e d\u2019une mont\u00e9e en comp\u00e9tence avec le d\u00e9veloppement de produits innovants. La moiti\u00e9 des produits de l\u2019usine est ainsi destin\u00e9e \u00e0 l\u2019export, preuve en est de leur qualit\u00e9. Valeur essentielle de la marque, l\u2019innovation se retrouve \u00e9galement dans la gestion de l\u2019impact environnemental de l\u2019usine, r\u00e9duit au minimum. Le site compte sur un syst\u00e8me de retraitement des eaux industrielles permettant une \u00e9conomie de 3.500 m<sup>3<\/sup> d\u2019eau par mois.<\/span><\/p>\n<p class=\"p1\"><span class=\"s1\">L\u2019usine limite \u00e9galement sa consommation de fuel lourd et de gaz, gr\u00e2ce \u00e0 un syst\u00e8me de r\u00e9cup\u00e9rateur thermique au niveau des fours qui permet une \u00e9conomie de 40% de CO2 annuel avec l\u2019arr\u00eat complet de br\u00fbleurs au fuel. Conjuguant productivit\u00e9 et respect de l\u2019environnement, les responsables soulignent que l\u2019usine emploie d\u2019ing\u00e9nieux syst\u00e8mes d\u2019optimisation \u00e9nerg\u00e9tique et hydrique, avec notamment une station de traitement des eaux us\u00e9es par osmose inverse pour r\u00e9int\u00e9gration dans le processus de production et r\u00e9utilisation pour le nettoyage, l\u2019arrosage et la s\u00e9curit\u00e9 incendie.<\/span><\/p>\n<p>Auteur: ALM<br \/>\n<a href=\"http:\/\/aujourdhui.ma\/economie\/jacob-delafon-poursuit-le-developpement-de-son-unite-tangeroise-une-usine-marocaine-aux-racines-francaises\">Cliquez ici pour lire l&rsquo;article depuis sa source.<\/a><\/p>\n","protected":false},"excerpt":{"rendered":"<p>Dot\u00e9 d\u2019une capacit\u00e9 de production de plus de 1,5 million de pi\u00e8ces par an, le site tang\u00e9rois repr\u00e9sente aujourd\u2019hui la premi\u00e8re usine c\u00e9ramique du Groupe Kohler pour l\u2019Europe et la sixi\u00e8me dans le monde. Jacob Delafon, c\u2019est 130 ans et pas une ride. Le sp\u00e9cialiste des univers de la salle de bains qui f\u00eate cette [&hellip;]<\/p>\n","protected":false},"author":1759,"featured_media":0,"comment_status":"closed","ping_status":"closed","sticky":false,"template":"","format":"standard","meta":{"fifu_image_url":"","fifu_image_alt":"","footnotes":""},"categories":[73,54],"tags":[],"class_list":["post-62017","post","type-post","status-publish","format-standard","hentry","category-actualite","category-maroc"],"_links":{"self":[{"href":"https:\/\/linitiative.ca\/International\/wp-json\/wp\/v2\/posts\/62017","targetHints":{"allow":["GET"]}}],"collection":[{"href":"https:\/\/linitiative.ca\/International\/wp-json\/wp\/v2\/posts"}],"about":[{"href":"https:\/\/linitiative.ca\/International\/wp-json\/wp\/v2\/types\/post"}],"author":[{"embeddable":true,"href":"https:\/\/linitiative.ca\/International\/wp-json\/wp\/v2\/users\/1759"}],"replies":[{"embeddable":true,"href":"https:\/\/linitiative.ca\/International\/wp-json\/wp\/v2\/comments?post=62017"}],"version-history":[{"count":0,"href":"https:\/\/linitiative.ca\/International\/wp-json\/wp\/v2\/posts\/62017\/revisions"}],"wp:attachment":[{"href":"https:\/\/linitiative.ca\/International\/wp-json\/wp\/v2\/media?parent=62017"}],"wp:term":[{"taxonomy":"category","embeddable":true,"href":"https:\/\/linitiative.ca\/International\/wp-json\/wp\/v2\/categories?post=62017"},{"taxonomy":"post_tag","embeddable":true,"href":"https:\/\/linitiative.ca\/International\/wp-json\/wp\/v2\/tags?post=62017"}],"curies":[{"name":"wp","href":"https:\/\/api.w.org\/{rel}","templated":true}]}}