{"id":62023,"date":"2019-09-23T06:54:34","date_gmt":"2019-09-23T10:54:34","guid":{"rendered":"https:\/\/linitiative.ca\/International\/le-pps-rejoint-le-front-de-la-parite-initiative-de-jossour\/"},"modified":"2019-09-23T06:54:34","modified_gmt":"2019-09-23T10:54:34","slug":"le-pps-rejoint-le-front-de-la-parite-initiative-de-jossour","status":"publish","type":"post","link":"https:\/\/linitiative.ca\/International\/le-pps-rejoint-le-front-de-la-parite-initiative-de-jossour\/","title":{"rendered":"Le PPS rejoint le Front de la Parit\u00e9, initiative de Jossour"},"content":{"rendered":"<p class=\"c4\"><span class=\"c3\"><strong><span class=\"c2\">L<\/span>e Secr\u00e9taire g\u00e9n\u00e9ral du Parti du progr\u00e8s et du socialisme, Mohamed Nabil Benabdallah a re\u00e7u, vendredi au si\u00e8ge national du parti \u00e0 Rabat, une d\u00e9l\u00e9gation de \u00abJossour Forum des Femmes Marocaines\u00bb, conduite par sa pr\u00e9sidente Oumayma\u00a0 Achour, venue lui exposer son projet de charte pour la parit\u00e9 et solliciter l\u2019adh\u00e9sion du PPS \u00e0 cette initiative.<\/strong><\/span><\/p>\n<p class=\"c4\">En apposant sa signature au projet de charte de la Parit\u00e9, lanc\u00e9 par Jossour FFM, le Secr\u00e9taire g\u00e9n\u00e9ral du Parti du progr\u00e8s et du socialisme a fait entendre qu\u2019une telle action cadre parfaitement avec les objectifs du parti et de son organisation parall\u00e8le. Aussi, il faut ajouter que le \u00a0Forum Parit\u00e9-Egalit\u00e9, dont la coordinatrice nationale Fatima Sbai devra \u00e9galement parapher le projet de ce document. Il a \u00e9galement fait savoir que le PPS soutiendra activement cette initiative et le front de la parit\u00e9 qui en sera issu pour en assurer les conditions de r\u00e9ussite.<\/p>\n<p class=\"c4\">Il a en plus recommand\u00e9 d\u2019ouvrir cette initiative \u00e0 toutes les capacit\u00e9s susceptibles de la soutenir. Outre les partis politiques, les syndicats, les organisations de la soci\u00e9t\u00e9 civile, les associations de d\u00e9fense des droits de la femme, les ordres professionnels, les leaders d\u2019opinion, les artistes et toutes les autres personnalit\u00e9s en mesure de soutenir l\u2019initiative.<\/p>\n<p class=\"c4\">Pour leur part, la pr\u00e9sidente de Jossour et la coordinatrice de ce projet Ouafa Hajji se sont relay\u00e9 pour exposer les grandes lignes de leur initiative, pr\u00e9cisant que Jossour a convenu de la lancer en application de tous les articles de la Constitution de 2011, d\u00e9di\u00e9s \u00e0 l\u2019\u00e9galit\u00e9 Homme-Femme et \u00e0 la Parit\u00e9. L\u2019id\u00e9al pour Jossour est de parvenir \u00e0 initier d\u2019une mani\u00e8re ou d\u2019une autre une loi-cadre pour la mise en \u0153uvre de toutes les dispositions constitutionnelles, des engagements internationaux du Maroc en la mati\u00e8re et de toutes les orientations royales sur le sujet, contenues dans les discours du Souverain.<\/p>\n<p class=\"c4\">Elles ont \u00e9galement fait savoir qu\u2019apr\u00e8s r\u00e9flexion et \u00e9tude de toutes les possibilit\u00e9s, Jossour a opt\u00e9 pour la r\u00e9alisation d\u2019une parit\u00e9 globale progressive dans la perspective de 2030.<\/p>\n<p class=\"c4\">Au terme des expos\u00e9s pr\u00e9sent\u00e9s, les deux parties ont pass\u00e9 en revue toutes les scenarii possibles et les moyens d\u2019assurer la r\u00e9ussite d\u2019une telle initiative louable. Il y va de l\u2019int\u00e9r\u00eat de la femme marocaine, qui attend depuis des si\u00e8cles des jours meilleurs.<\/p>\n<p class=\"c4\">La rencontre s\u2019est d\u00e9roul\u00e9e en pr\u00e9sence de plusieurs membres du Bureau politique du PPS (Azzouz Senhaji, Aicha Lablak, Khadija El Baz, Charafat Afailal,\u00a0 Fatima Zahra Barassat) et de Soumaya Hijji, militante du parti (CC) et d\u00e9fenseure des droits de l\u2019homme, ainsi que des membres de la d\u00e9l\u00e9gation Jossour : Ouafa Hajji, coordinatrice du projet et Amina Hansali, vice-pr\u00e9sidente de l\u2019association.<\/p>\n<p class=\"c5\"><strong>M\u2019barek Tafsi<\/strong><\/p>\n<p>Auteur: M&rsquo;hammed rahal<br \/>\n<a href=\"http:\/\/albayane.press.ma\/le-pps-rejoint-le-front-de-la-parite-initiative-de-jossour.html\">Cliquez ici pour lire l&rsquo;article depuis sa source.<\/a><\/p>\n","protected":false},"excerpt":{"rendered":"<p>Le Secr\u00e9taire g\u00e9n\u00e9ral du Parti du progr\u00e8s et du socialisme, Mohamed Nabil Benabdallah a re\u00e7u, vendredi au si\u00e8ge national du parti \u00e0 Rabat, une d\u00e9l\u00e9gation de \u00abJossour Forum des Femmes Marocaines\u00bb, conduite par sa pr\u00e9sidente Oumayma\u00a0 Achour, venue lui exposer son projet de charte pour la parit\u00e9 et solliciter l\u2019adh\u00e9sion du PPS \u00e0 cette initiative. [&hellip;]<\/p>\n","protected":false},"author":1760,"featured_media":0,"comment_status":"closed","ping_status":"closed","sticky":false,"template":"","format":"standard","meta":{"fifu_image_url":"","fifu_image_alt":"","footnotes":""},"categories":[73,54],"tags":[],"class_list":["post-62023","post","type-post","status-publish","format-standard","hentry","category-actualite","category-maroc"],"_links":{"self":[{"href":"https:\/\/linitiative.ca\/International\/wp-json\/wp\/v2\/posts\/62023","targetHints":{"allow":["GET"]}}],"collection":[{"href":"https:\/\/linitiative.ca\/International\/wp-json\/wp\/v2\/posts"}],"about":[{"href":"https:\/\/linitiative.ca\/International\/wp-json\/wp\/v2\/types\/post"}],"author":[{"embeddable":true,"href":"https:\/\/linitiative.ca\/International\/wp-json\/wp\/v2\/users\/1760"}],"replies":[{"embeddable":true,"href":"https:\/\/linitiative.ca\/International\/wp-json\/wp\/v2\/comments?post=62023"}],"version-history":[{"count":0,"href":"https:\/\/linitiative.ca\/International\/wp-json\/wp\/v2\/posts\/62023\/revisions"}],"wp:attachment":[{"href":"https:\/\/linitiative.ca\/International\/wp-json\/wp\/v2\/media?parent=62023"}],"wp:term":[{"taxonomy":"category","embeddable":true,"href":"https:\/\/linitiative.ca\/International\/wp-json\/wp\/v2\/categories?post=62023"},{"taxonomy":"post_tag","embeddable":true,"href":"https:\/\/linitiative.ca\/International\/wp-json\/wp\/v2\/tags?post=62023"}],"curies":[{"name":"wp","href":"https:\/\/api.w.org\/{rel}","templated":true}]}}