{"id":62024,"date":"2019-09-23T07:04:44","date_gmt":"2019-09-23T11:04:44","guid":{"rendered":"https:\/\/linitiative.ca\/International\/a-la-recherche-dun-troisieme-type-de-politique\/"},"modified":"2019-09-23T07:04:44","modified_gmt":"2019-09-23T11:04:44","slug":"a-la-recherche-dun-troisieme-type-de-politique","status":"publish","type":"post","link":"https:\/\/linitiative.ca\/International\/a-la-recherche-dun-troisieme-type-de-politique\/","title":{"rendered":"A la recherche d\u2019un troisi\u00e8me type de politique!"},"content":{"rendered":"<p class=\"c4\"><span class=\"c3\"><strong><span class=\"c2\">L<\/span>e champ politique marocain est, sans doute, \u00abaccapar\u00e9\u00bb par visiblement deux types de tendances, depuis d\u00e9j\u00e0 belle lurette. Chronologiquement, la premi\u00e8re est, \u00e0 coup s\u00fbr, fut manifestement dict\u00e9e, depuis fort longtemps et plus pr\u00e9cis\u00e9ment, juste au lendemain de l\u2019ind\u00e9pendance, par deux ph\u00e9nom\u00e8nes, \u00e0 savoir les notabilit\u00e9s et les finances.<\/strong><\/span><\/p>\n<p class=\"c4\">\u00c9paul\u00e9s de fond en comble par le Pouvoir, elles d\u00e9tiennent les r\u00eanes des commandes aussi bien l\u2019\u00e9chelon national, r\u00e9gional que local, en d\u00e9pit de la crise politique qui ne cesse de s\u00e9vir. Cet \u00e9tat de fait devenu, au fil du temps,\u00a0 une r\u00e9elle tradition dans le mode de gouvernance et continue \u00e0 se manifester dans les diverses rendez-vous \u00e9lectoraux, s\u00e9cr\u00e9tant constamment des nullards que l\u2019argent et le statut social impose au sein d\u2019une soci\u00e9t\u00e9 d\u00e9nu\u00e9e et d\u00e9sabus\u00e9e. Une \u00e9ni\u00e8me illustration vient d\u2019\u00eatre \u00e9tal\u00e9e en d\u00e9monstration, le week-end dernier dans la capitale du Souss, par un richissime mis \u00e0 la t\u00eate d\u2019une entit\u00e9 de notables.<\/p>\n<p class=\"c4\">Des milliers de jeunes sont r\u00e9unis pour une messe dont ils ignorent tout, r\u00e9partis dans des panels qu\u2019ils \u00e9ludent pour faire des tours \u00e0 la plage, des discours creux que caquettent les pr\u00eacheurs de desseins \u00absalvateurs\u00a0\u00bbpour du tape \u00e0 l\u2019\u0153il v\u00e9tille, des transports en commun dont le but d\u2019impressionner\u2026 Et puis apr\u00e8s, on se disperse en fanfare pour avoir mis de la baume sur le visage de ces jeunots, en qu\u00eate de vertus et de valeurs.Platon, l\u2019illustre philosophe grec disait un jour dans sa r\u00e9publique\u00a0:\u00a0\u00abLa richesse et les riches sont honor\u00e9s dans une cit\u00e9, la vertu et les hommes vertueux y sont tenus en moindre estime\u00bb.<\/p>\n<p class=\"c4\">Le second type de \u00abmonopole\u00bb n\u2019est autre que celui des islamistes. Au fait, il y a presque une d\u00e9cennie, le pays est litt\u00e9ralement submerg\u00e9 par ce qu\u2019on appelle en commun, \u00abl\u2019Islam politique\u00bb, \u00e0 cause de la conjoncture dict\u00e9e parle printemps d\u00e9mocratique qui a mis un terme \u00e0 nombre de \u00abdictatures\u00a0arabes\u00bb. Au bout de deux mandats successifs, sous le \u00abr\u00e8gne\u00bb contre-nature avec une r\u00e9solution moderniste au sillage duquel s\u2019introduit la nation, il s\u2019av\u00e8re que les slogans arbor\u00e9s contre la d\u00e9pravation ne furent qu\u2019un feu de paille. On dira, \u00e0 ce propos, comme on peut lire dans \u00ables grands dossiers des sciences humaines\u00bb, le passage suivant\u00a0:\u00a0\u00abLes proph\u00e8tes sont tous des pauvres. Mais, les riches ont confisqu\u00e9 leur religion et l\u2019ont transform\u00e9e en rites pour absorber la col\u00e8re des opprim\u00e9s\u00bb.<\/p>\n<p>Auteur: M&rsquo;hammed rahal<br \/>\n<a href=\"http:\/\/albayane.press.ma\/a-la-recherche-dun-troisieme-type-de-politique.html\">Cliquez ici pour lire l&rsquo;article depuis sa source.<\/a><\/p>\n","protected":false},"excerpt":{"rendered":"<p>Le champ politique marocain est, sans doute, \u00abaccapar\u00e9\u00bb par visiblement deux types de tendances, depuis d\u00e9j\u00e0 belle lurette. Chronologiquement, la premi\u00e8re est, \u00e0 coup s\u00fbr, fut manifestement dict\u00e9e, depuis fort longtemps et plus pr\u00e9cis\u00e9ment, juste au lendemain de l\u2019ind\u00e9pendance, par deux ph\u00e9nom\u00e8nes, \u00e0 savoir les notabilit\u00e9s et les finances. \u00c9paul\u00e9s de fond en comble par [&hellip;]<\/p>\n","protected":false},"author":1760,"featured_media":0,"comment_status":"closed","ping_status":"closed","sticky":false,"template":"","format":"standard","meta":{"fifu_image_url":"","fifu_image_alt":"","footnotes":""},"categories":[73,54],"tags":[],"class_list":["post-62024","post","type-post","status-publish","format-standard","hentry","category-actualite","category-maroc"],"_links":{"self":[{"href":"https:\/\/linitiative.ca\/International\/wp-json\/wp\/v2\/posts\/62024","targetHints":{"allow":["GET"]}}],"collection":[{"href":"https:\/\/linitiative.ca\/International\/wp-json\/wp\/v2\/posts"}],"about":[{"href":"https:\/\/linitiative.ca\/International\/wp-json\/wp\/v2\/types\/post"}],"author":[{"embeddable":true,"href":"https:\/\/linitiative.ca\/International\/wp-json\/wp\/v2\/users\/1760"}],"replies":[{"embeddable":true,"href":"https:\/\/linitiative.ca\/International\/wp-json\/wp\/v2\/comments?post=62024"}],"version-history":[{"count":0,"href":"https:\/\/linitiative.ca\/International\/wp-json\/wp\/v2\/posts\/62024\/revisions"}],"wp:attachment":[{"href":"https:\/\/linitiative.ca\/International\/wp-json\/wp\/v2\/media?parent=62024"}],"wp:term":[{"taxonomy":"category","embeddable":true,"href":"https:\/\/linitiative.ca\/International\/wp-json\/wp\/v2\/categories?post=62024"},{"taxonomy":"post_tag","embeddable":true,"href":"https:\/\/linitiative.ca\/International\/wp-json\/wp\/v2\/tags?post=62024"}],"curies":[{"name":"wp","href":"https:\/\/api.w.org\/{rel}","templated":true}]}}