{"id":62025,"date":"2019-09-23T07:11:05","date_gmt":"2019-09-23T11:11:05","guid":{"rendered":"https:\/\/linitiative.ca\/International\/journee-sans-voitures-le-13-octobre-a-casablanca-et-mohammedia\/"},"modified":"2019-09-23T07:11:05","modified_gmt":"2019-09-23T11:11:05","slug":"journee-sans-voitures-le-13-octobre-a-casablanca-et-mohammedia","status":"publish","type":"post","link":"https:\/\/linitiative.ca\/International\/journee-sans-voitures-le-13-octobre-a-casablanca-et-mohammedia\/","title":{"rendered":"Journ\u00e9e sans voitures, le 13 octobre \u00e0 Casablanca et Mohamm\u00e9dia"},"content":{"rendered":"<p class=\"c4\"><span class=\"c3\"><strong><span class=\"c2\">U<\/span>ne journ\u00e9e sans voitures sera organis\u00e9e, 13 octobre prochain, dans les villes de Casablanca et de Mohammedia en vue de sensibiliser sur la pollution de l\u2019air, due aux v\u00e9hicules \u00e0 moteur.<\/strong><\/span><\/p>\n<p class=\"c4\">L\u2019\u00e9v\u00e9nement est organis\u00e9 par Casa Environnement (r\u00e9seau des associations de Casablanca pour l\u2019environnement et le d\u00e9veloppement durable), en partenariat avec le secr\u00e9tariat d\u2019\u00c9tat charg\u00e9 du D\u00e9veloppement durable, le minist\u00e8re de la Jeunesse et des sports, la wilaya de la R\u00e9gion de Casablanca-Settat, la Commune de Casablanca et l\u2019universit\u00e9 Hassan II de Casablanca, \u00e0 l\u2019occasion de la journ\u00e9e arabe de l\u2019environnement.<br \/>La journ\u00e9e tend ainsi \u00e0 favoriser, entre autres, la prise de conscience collective de la n\u00e9cessit\u00e9 d\u2019agir contre les nuisances g\u00e9n\u00e9r\u00e9es par la croissance du trafic des voitures et l\u2019am\u00e9lioration de la qualit\u00e9 de vie en rendant l\u2019espace public en ville moins pollu\u00e9 ainsi qu\u2019\u00e0 permettre aux pi\u00e9tons et aux cyclistes de s\u2019approprier l\u2019espace urbain.<br \/>Ainsi, Casa Environnement annonce sur son site web que l\u2019interdiction de circuler en voiture sera observ\u00e9e dans plusieurs zones du Grand Casablanca entre 10H00 et 16H00. Parmi ces zones, figurent notamment rue de Rome, Bd Omar El Idrissi, rue Bnou Khalouya, rue d\u2019Anvers, rue Hatim Al Assam, Bd de Londres, rue Ibn Toumart, rue Figuigui et toute la zone int\u00e9rieure ( pr\u00e9fecture El Fida-Mers Sultan)<br \/>Au niveau de la pr\u00e9fecture Ain Seba\u00e2-Hay Mohammadi, ils s\u2019agit du Bd Mohammed V (place Al Yassir-gare Casa Voyageurs), Bd Ba Hmad (gare Casa Voyageurs-Bd Moulay Ismail) et toute la zone int\u00e9rieure.<br \/>Cette journ\u00e9e sera marqu\u00e9e par l\u2019organisation de plusieurs manifestations visant \u00e0 sensibiliser la population aux dangers de la pollution provoqu\u00e9e par les v\u00e9hicules \u00e0 moteur sur l\u2019environnement et le sant\u00e9 notamment des enfants.<br \/>Si les industries contribuent fortement \u00e0 la d\u00e9gradation de l\u2019air dans la m\u00e9tropole, les Casablancais ont aussi une grande part de responsabilit\u00e9. Le parc de v\u00e9hicules, souvent ancien et tr\u00e8s polluant (+80% de ces v\u00e9hicules fonctionnent au diesel), fait augmenter sensiblement la pollution de l\u2019air, ce qui a impact dangereux sur la sant\u00e9 des citoyens.<br \/>Le taux de pollution le plus pr\u00e9occupant dans la m\u00e9tropole demeure celui des particules PM10. La concentration de ces particules \u00e9tait de l\u2019ordre de 74 \u00b5g\/m3, soit presque le double des valeurs limites europ\u00e9ennes (40 \u00b5g\/m3).<br \/>Selon les donn\u00e9es de l\u2019OMS (2013), le taux de concentration de petites particules \u00e0 Casablanca serait de 61 \u00b5g\/m3.<br \/>En l\u2019espace de 2 ans, la concentration des PM10 est pass\u00e9e de 61 \u00b5g\/m3 \u00e0 74 \u00b5g\/m3. Mais ce sont le dioxyde de soufre (v\u00e9hicules et industrie) et le PM10 qui pr\u00e9sentent les plus gros risques pour la sant\u00e9.<br \/>Parmi les maladies provoqu\u00e9es par ce type de pollution figurent les accidents vasculaires c\u00e9r\u00e9braux, cardiopathies, cancer du poumon, affections respiratoires, chroniques ou aigu\u00ebs, asthme, ce qui engendre un fort taux de morbidit\u00e9 li\u00e9 \u00e0 ces maladies, des sujets sensibles plus jeunes \u00e0 ces maladies et la pr\u00e9valence des maladies respiratoires chez les enfants de moins de 5 ans.<\/p>\n<p>Auteur: M&rsquo;hammed rahal<br \/>\n<a href=\"http:\/\/albayane.press.ma\/journee-sans-voitures-le-13-octobre-a-casablanca-et-mohammedia.html\">Cliquez ici pour lire l&rsquo;article depuis sa source.<\/a><\/p>\n","protected":false},"excerpt":{"rendered":"<p>Une journ\u00e9e sans voitures sera organis\u00e9e, 13 octobre prochain, dans les villes de Casablanca et de Mohammedia en vue de sensibiliser sur la pollution de l\u2019air, due aux v\u00e9hicules \u00e0 moteur. L\u2019\u00e9v\u00e9nement est organis\u00e9 par Casa Environnement (r\u00e9seau des associations de Casablanca pour l\u2019environnement et le d\u00e9veloppement durable), en partenariat avec le secr\u00e9tariat d\u2019\u00c9tat charg\u00e9 [&hellip;]<\/p>\n","protected":false},"author":1760,"featured_media":0,"comment_status":"closed","ping_status":"closed","sticky":false,"template":"","format":"standard","meta":{"fifu_image_url":"","fifu_image_alt":"","footnotes":""},"categories":[73,54],"tags":[],"class_list":["post-62025","post","type-post","status-publish","format-standard","hentry","category-actualite","category-maroc"],"_links":{"self":[{"href":"https:\/\/linitiative.ca\/International\/wp-json\/wp\/v2\/posts\/62025","targetHints":{"allow":["GET"]}}],"collection":[{"href":"https:\/\/linitiative.ca\/International\/wp-json\/wp\/v2\/posts"}],"about":[{"href":"https:\/\/linitiative.ca\/International\/wp-json\/wp\/v2\/types\/post"}],"author":[{"embeddable":true,"href":"https:\/\/linitiative.ca\/International\/wp-json\/wp\/v2\/users\/1760"}],"replies":[{"embeddable":true,"href":"https:\/\/linitiative.ca\/International\/wp-json\/wp\/v2\/comments?post=62025"}],"version-history":[{"count":0,"href":"https:\/\/linitiative.ca\/International\/wp-json\/wp\/v2\/posts\/62025\/revisions"}],"wp:attachment":[{"href":"https:\/\/linitiative.ca\/International\/wp-json\/wp\/v2\/media?parent=62025"}],"wp:term":[{"taxonomy":"category","embeddable":true,"href":"https:\/\/linitiative.ca\/International\/wp-json\/wp\/v2\/categories?post=62025"},{"taxonomy":"post_tag","embeddable":true,"href":"https:\/\/linitiative.ca\/International\/wp-json\/wp\/v2\/tags?post=62025"}],"curies":[{"name":"wp","href":"https:\/\/api.w.org\/{rel}","templated":true}]}}