{"id":62029,"date":"2019-09-23T05:19:25","date_gmt":"2019-09-23T09:19:25","guid":{"rendered":"https:\/\/linitiative.ca\/International\/financements-des-pme-64-entreprises-beneficiaires-sur-600-prevues\/"},"modified":"2019-09-23T05:19:25","modified_gmt":"2019-09-23T09:19:25","slug":"financements-des-pme-64-entreprises-beneficiaires-sur-600-prevues","status":"publish","type":"post","link":"https:\/\/linitiative.ca\/International\/financements-des-pme-64-entreprises-beneficiaires-sur-600-prevues\/","title":{"rendered":"Financements des PME : 64 entreprises b\u00e9n\u00e9ficiaires sur 600 pr\u00e9vues"},"content":{"rendered":"<p>Quelque 64 PME (petites et moyennes entreprises) ont b\u00e9n\u00e9fici\u00e9 de 138 millions de dinars (MD) de financements, gr\u00e2ce \u00e0 la ligne de dotation et de soutien \u00e0 la restructuration financi\u00e8res des PME et ce jusqu\u2019au 17 septembre courant, a indiqu\u00e9 le ministre de l\u2019Industrie et des PME, Slim F\u00e9riani .<\/p>\n<p>S\u2019exprimant lors d\u2019une conf\u00e9rence tenue \u00e0 Hammamet, sur le th\u00e8me \u00ab Le financement et la num\u00e9risation au service des PME \u00bb, \u00e0 laquelle ont pris part pr\u00e8s de 150 cadres bancaires et experts financiers, F\u00e9riani a soulign\u00e9 que ce m\u00e9canisme de financement cible 600 PME sur une p\u00e9riode de trois ans.<\/p>\n<p>F\u00e9riani dont les propos sont rapport\u00e9s par la page Facebook du minist\u00e8re, a soulign\u00e9 l\u2019importance des PME qui repr\u00e9sentent 90% du tissu industriel national et contribuent \u00e0 hauteur de 17% au Produit Int\u00e9rieur Brut (PIB), ajoutant qu\u2019elles repr\u00e9sentent 20% du march\u00e9 de l\u2019emploi.<\/p>\n<p>Et de rappeler que son d\u00e9partement a sign\u00e9 un accord de partenariat avec la Bourse de Tunis visant \u00e0 accompagner 120 PME, dans le cadre d\u2019un programme d\u2019une coop\u00e9ration avec la Grande Bretagne moyennant 8,5 millions de dinars.<\/p>\n<p class=\"dpsp-share-text\">Partager c&rsquo;est aimer!<\/p>\n<div class=\"wp-post-author-wrap wp-post-author-shortcode left\">\n<h3 class=\"awpa-title\"\/>\n<div class=\"wp-post-author\">\n<div class=\"awpa-img awpa-author-block square\"><a href=\"http:\/\/lexpertjournal.net\/fr\/author\/expert\/\"><img loading=\"lazy\" decoding=\"async\" alt=\"\" src=\"http:\/\/2.gravatar.com\/avatar\/56d99be2a6f97af88ccb49fada637fcd?s=150&#038;d=mm&#038;r=g\" srcset=\"http:\/\/2.gravatar.com\/avatar\/56d99be2a6f97af88ccb49fada637fcd?s=300&#038;d=mm&#038;r=g 2x\" class=\"avatar avatar-150 photo\" height=\"150\" width=\"150\"\/><\/a><\/div>\n<\/div>\n<\/div>\n<p>Auteur: L&rsquo;expert<br \/>\n<a href=\"http:\/\/lexpertjournal.net\/fr\/2019\/09\/23\/financements-des-pme-64-entreprises-beneficiaires-sur-600-prevues\/\">Cliquez ici pour lire l&rsquo;article depuis sa source.<\/a><\/p>\n","protected":false},"excerpt":{"rendered":"<p>Quelque 64 PME (petites et moyennes entreprises) ont b\u00e9n\u00e9fici\u00e9 de 138 millions de dinars (MD) de financements, gr\u00e2ce \u00e0 la ligne de dotation et de soutien \u00e0 la restructuration financi\u00e8res des PME et ce jusqu\u2019au 17 septembre courant, a indiqu\u00e9 le ministre de l\u2019Industrie et des PME, Slim F\u00e9riani . S\u2019exprimant lors d\u2019une conf\u00e9rence tenue [&hellip;]<\/p>\n","protected":false},"author":1775,"featured_media":0,"comment_status":"closed","ping_status":"closed","sticky":false,"template":"","format":"standard","meta":{"fifu_image_url":"","fifu_image_alt":"","footnotes":""},"categories":[78,55],"tags":[],"class_list":["post-62029","post","type-post","status-publish","format-standard","hentry","category-economie","category-tunisie"],"_links":{"self":[{"href":"https:\/\/linitiative.ca\/International\/wp-json\/wp\/v2\/posts\/62029","targetHints":{"allow":["GET"]}}],"collection":[{"href":"https:\/\/linitiative.ca\/International\/wp-json\/wp\/v2\/posts"}],"about":[{"href":"https:\/\/linitiative.ca\/International\/wp-json\/wp\/v2\/types\/post"}],"author":[{"embeddable":true,"href":"https:\/\/linitiative.ca\/International\/wp-json\/wp\/v2\/users\/1775"}],"replies":[{"embeddable":true,"href":"https:\/\/linitiative.ca\/International\/wp-json\/wp\/v2\/comments?post=62029"}],"version-history":[{"count":0,"href":"https:\/\/linitiative.ca\/International\/wp-json\/wp\/v2\/posts\/62029\/revisions"}],"wp:attachment":[{"href":"https:\/\/linitiative.ca\/International\/wp-json\/wp\/v2\/media?parent=62029"}],"wp:term":[{"taxonomy":"category","embeddable":true,"href":"https:\/\/linitiative.ca\/International\/wp-json\/wp\/v2\/categories?post=62029"},{"taxonomy":"post_tag","embeddable":true,"href":"https:\/\/linitiative.ca\/International\/wp-json\/wp\/v2\/tags?post=62029"}],"curies":[{"name":"wp","href":"https:\/\/api.w.org\/{rel}","templated":true}]}}