{"id":62038,"date":"2019-09-23T08:28:00","date_gmt":"2019-09-23T12:28:00","guid":{"rendered":"https:\/\/linitiative.ca\/International\/boudjemaa-talai-place-sous-mandat-de-depot\/"},"modified":"2019-09-23T08:28:00","modified_gmt":"2019-09-23T12:28:00","slug":"boudjemaa-talai-place-sous-mandat-de-depot","status":"publish","type":"post","link":"https:\/\/linitiative.ca\/International\/boudjemaa-talai-place-sous-mandat-de-depot\/","title":{"rendered":"Boudjema\u00e2 Tala\u00ef plac\u00e9 sous mandat de d\u00e9p\u00f4t"},"content":{"rendered":"<div id=\"originalText\" readability=\"44\">\n<p class=\"c10\">Auditionn\u00e9 aujourd\u2019hui \u00e0 la cour supr\u00eame, l&rsquo;ancien ministre des transports, Boudjema\u00e2 Tala\u00ef,\u00a0 a \u00e9t\u00e9 inculp\u00e9 et plac\u00e9 sous mandat de d\u00e9p\u00f4t. Il a \u00e9t\u00e9 \u00e9crou\u00e9 \u00e0 la prison d&rsquo;El Harrach.<\/p>\n<p class=\"c10\">Boudjema\u00e2 Tala\u00ef, a comparu devant le juge instructeur pr\u00e8s la Cour supr\u00eame en sa qualit\u00e9 d&rsquo;ex ministre des Transports et des travaux publics et d\u00e9put\u00e9 \u00e0 l&rsquo;Assembl\u00e9e populaire nationale (APN), pour \u00ab abus de fonction et de dilapidation de deniers publics \u00bb. D\u00e9put\u00e9, Talai a renonc\u00e9 volontairement \u00e0 son immunit\u00e9 parlementaire \u00a0apr\u00e8s que le minist\u00e8re de la justice ait introduit une demande dans ce sens aupr\u00e8s de l\u2019APN.<\/p>\n<p class=\"c11\"><strong>R\u00e9daction Web<\/strong><\/p>\n<\/div>\n<div id=\"text_core\" readability=\"44\">\n<p class=\"c10\">Auditionn\u00e9 aujourd\u2019hui \u00e0 la cour supr\u00eame, l&rsquo;ancien ministre des transports, Boudjema\u00e2 Tala\u00ef,\u00a0 a \u00e9t\u00e9 inculp\u00e9 et plac\u00e9 sous mandat de d\u00e9p\u00f4t. Il a \u00e9t\u00e9 \u00e9crou\u00e9 \u00e0 la prison d&rsquo;El Harrach.<\/p>\n<p class=\"c10\">Boudjema\u00e2 Tala\u00ef, a comparu devant le juge instructeur pr\u00e8s la Cour supr\u00eame en sa qualit\u00e9 d&rsquo;ex ministre des Transports et des travaux publics et d\u00e9put\u00e9 \u00e0 l&rsquo;Assembl\u00e9e populaire nationale (APN), pour \u00ab abus de fonction et de dilapidation de deniers publics \u00bb. D\u00e9put\u00e9, Talai a renonc\u00e9 volontairement \u00e0 son immunit\u00e9 parlementaire \u00a0apr\u00e8s que le minist\u00e8re de la justice ait introduit une demande dans ce sens aupr\u00e8s de l\u2019APN.<\/p>\n<p class=\"c11\"><strong>R\u00e9daction Web<\/strong><\/p>\n<\/div>\n<p>Auteur:<br \/>\n<a href=\"https:\/\/www.liberte-algerie.com\/actualite\/boudjemaa-talai-place-sous-mandat-de-depot-324522\">Cliquez ici pour lire l&rsquo;article depuis sa source.<\/a><\/p>\n","protected":false},"excerpt":{"rendered":"<p>Auditionn\u00e9 aujourd\u2019hui \u00e0 la cour supr\u00eame, l&rsquo;ancien ministre des transports, Boudjema\u00e2 Tala\u00ef,\u00a0 a \u00e9t\u00e9 inculp\u00e9 et plac\u00e9 sous mandat de d\u00e9p\u00f4t. Il a \u00e9t\u00e9 \u00e9crou\u00e9 \u00e0 la prison d&rsquo;El Harrach. Boudjema\u00e2 Tala\u00ef, a comparu devant le juge instructeur pr\u00e8s la Cour supr\u00eame en sa qualit\u00e9 d&rsquo;ex ministre des Transports et des travaux publics et d\u00e9put\u00e9 [&hellip;]<\/p>\n","protected":false},"author":1742,"featured_media":0,"comment_status":"closed","ping_status":"closed","sticky":false,"template":"","format":"standard","meta":{"fifu_image_url":"","fifu_image_alt":"","footnotes":""},"categories":[73,53],"tags":[],"class_list":["post-62038","post","type-post","status-publish","format-standard","hentry","category-actualite","category-algerie"],"_links":{"self":[{"href":"https:\/\/linitiative.ca\/International\/wp-json\/wp\/v2\/posts\/62038","targetHints":{"allow":["GET"]}}],"collection":[{"href":"https:\/\/linitiative.ca\/International\/wp-json\/wp\/v2\/posts"}],"about":[{"href":"https:\/\/linitiative.ca\/International\/wp-json\/wp\/v2\/types\/post"}],"author":[{"embeddable":true,"href":"https:\/\/linitiative.ca\/International\/wp-json\/wp\/v2\/users\/1742"}],"replies":[{"embeddable":true,"href":"https:\/\/linitiative.ca\/International\/wp-json\/wp\/v2\/comments?post=62038"}],"version-history":[{"count":0,"href":"https:\/\/linitiative.ca\/International\/wp-json\/wp\/v2\/posts\/62038\/revisions"}],"wp:attachment":[{"href":"https:\/\/linitiative.ca\/International\/wp-json\/wp\/v2\/media?parent=62038"}],"wp:term":[{"taxonomy":"category","embeddable":true,"href":"https:\/\/linitiative.ca\/International\/wp-json\/wp\/v2\/categories?post=62038"},{"taxonomy":"post_tag","embeddable":true,"href":"https:\/\/linitiative.ca\/International\/wp-json\/wp\/v2\/tags?post=62038"}],"curies":[{"name":"wp","href":"https:\/\/api.w.org\/{rel}","templated":true}]}}