{"id":62041,"date":"2019-09-23T09:18:00","date_gmt":"2019-09-23T13:18:00","guid":{"rendered":"https:\/\/linitiative.ca\/International\/le-bilan-seleve-a-pres-de-200-victimes\/"},"modified":"2019-09-23T09:18:00","modified_gmt":"2019-09-23T13:18:00","slug":"le-bilan-seleve-a-pres-de-200-victimes","status":"publish","type":"post","link":"https:\/\/linitiative.ca\/International\/le-bilan-seleve-a-pres-de-200-victimes\/","title":{"rendered":"Le bilan s\u2019\u00e9l\u00e8ve \u00e0 pr\u00e8s de 200 victimes"},"content":{"rendered":"<div id=\"originalText\" readability=\"49\">\n<p>94 nouveaux cas d\u2019intoxication alimentaire ont \u00e9t\u00e9 enregistr\u00e9s au service des maladies infectieuses du CHU d\u2019Oran, du dimanche soir \u00e0 ce lundi matin. Ainsi le nombre de victimes s\u2019\u00e9l\u00e8ve \u00e0 198, a appris l\u2019APS du responsable de la cellule de communication de cet \u00e9tablissement sanitaire.<\/p>\n<p>Le responsable de cette cellule, Kamel Babou, a indiqu\u00e9 que \u00ab\u00a0le nombre total des victimes est de 198 cas dont 23 enfants\u00a0\u00bb, ajoutant que \u00ab\u00a0tous ces cas ont quitt\u00e9 l\u2019h\u00f4pital apr\u00e8s avoir re\u00e7u les soins n\u00e9cessaires, tandis que quinze enfants sont rest\u00e9s sous contr\u00f4le m\u00e9dical\u00bb.<\/p>\n<p>Pour rappel, les victimes avaient pris des repas l\u00e9gers dans deux fast-foods dans la wilaya d\u2019Oran.<\/p>\n<p class=\"c10\"><strong>R\u00e9daction Web<\/strong><\/p>\n<\/div>\n<div id=\"text_core\" readability=\"49\">\n<p>94 nouveaux cas d\u2019intoxication alimentaire ont \u00e9t\u00e9 enregistr\u00e9s au service des maladies infectieuses du CHU d\u2019Oran, du dimanche soir \u00e0 ce lundi matin. Ainsi le nombre de victimes s\u2019\u00e9l\u00e8ve \u00e0 198, a appris l\u2019APS du responsable de la cellule de communication de cet \u00e9tablissement sanitaire.<\/p>\n<p>Le responsable de cette cellule, Kamel Babou, a indiqu\u00e9 que \u00ab\u00a0le nombre total des victimes est de 198 cas dont 23 enfants\u00a0\u00bb, ajoutant que \u00ab\u00a0tous ces cas ont quitt\u00e9 l\u2019h\u00f4pital apr\u00e8s avoir re\u00e7u les soins n\u00e9cessaires, tandis que quinze enfants sont rest\u00e9s sous contr\u00f4le m\u00e9dical\u00bb.<\/p>\n<p>Pour rappel, les victimes avaient pris des repas l\u00e9gers dans deux fast-foods dans la wilaya d\u2019Oran.<\/p>\n<p class=\"c10\"><strong>R\u00e9daction Web<\/strong><\/p>\n<\/div>\n<p>Auteur:<br \/>\n<a href=\"https:\/\/www.liberte-algerie.com\/actualite\/le-bilan-seleve-a-pres-de-200-victimes-324523\">Cliquez ici pour lire l&rsquo;article depuis sa source.<\/a><\/p>\n","protected":false},"excerpt":{"rendered":"<p>94 nouveaux cas d\u2019intoxication alimentaire ont \u00e9t\u00e9 enregistr\u00e9s au service des maladies infectieuses du CHU d\u2019Oran, du dimanche soir \u00e0 ce lundi matin. Ainsi le nombre de victimes s\u2019\u00e9l\u00e8ve \u00e0 198, a appris l\u2019APS du responsable de la cellule de communication de cet \u00e9tablissement sanitaire. Le responsable de cette cellule, Kamel Babou, a indiqu\u00e9 que [&hellip;]<\/p>\n","protected":false},"author":1742,"featured_media":0,"comment_status":"closed","ping_status":"closed","sticky":false,"template":"","format":"standard","meta":{"fifu_image_url":"","fifu_image_alt":"","footnotes":""},"categories":[73,53],"tags":[],"class_list":["post-62041","post","type-post","status-publish","format-standard","hentry","category-actualite","category-algerie"],"_links":{"self":[{"href":"https:\/\/linitiative.ca\/International\/wp-json\/wp\/v2\/posts\/62041","targetHints":{"allow":["GET"]}}],"collection":[{"href":"https:\/\/linitiative.ca\/International\/wp-json\/wp\/v2\/posts"}],"about":[{"href":"https:\/\/linitiative.ca\/International\/wp-json\/wp\/v2\/types\/post"}],"author":[{"embeddable":true,"href":"https:\/\/linitiative.ca\/International\/wp-json\/wp\/v2\/users\/1742"}],"replies":[{"embeddable":true,"href":"https:\/\/linitiative.ca\/International\/wp-json\/wp\/v2\/comments?post=62041"}],"version-history":[{"count":0,"href":"https:\/\/linitiative.ca\/International\/wp-json\/wp\/v2\/posts\/62041\/revisions"}],"wp:attachment":[{"href":"https:\/\/linitiative.ca\/International\/wp-json\/wp\/v2\/media?parent=62041"}],"wp:term":[{"taxonomy":"category","embeddable":true,"href":"https:\/\/linitiative.ca\/International\/wp-json\/wp\/v2\/categories?post=62041"},{"taxonomy":"post_tag","embeddable":true,"href":"https:\/\/linitiative.ca\/International\/wp-json\/wp\/v2\/tags?post=62041"}],"curies":[{"name":"wp","href":"https:\/\/api.w.org\/{rel}","templated":true}]}}