{"id":62042,"date":"2019-09-23T03:31:54","date_gmt":"2019-09-23T07:31:54","guid":{"rendered":"https:\/\/linitiative.ca\/International\/medina-visite-aux-projets-lances-par-sm-le-roi\/"},"modified":"2019-09-23T03:31:54","modified_gmt":"2019-09-23T07:31:54","slug":"medina-visite-aux-projets-lances-par-sm-le-roi","status":"publish","type":"post","link":"https:\/\/linitiative.ca\/International\/medina-visite-aux-projets-lances-par-sm-le-roi\/","title":{"rendered":"M\u00e9dina: Visite aux projets lanc\u00e9s par SM le Roi"},"content":{"rendered":"<div class=\"single-featured\"><img alt=\"\" data-src=\"http:\/\/www.mapmarrakech.ma\/map\/uploads\/2019\/09\/visite-projets-m\u00e9dina-wali.jpg\"\/><\/div>\n<div class=\"single-post-excerpt post-excerpt-bc\" readability=\"40\">\n<p>Marrakech \u2013 Le Wali de la r\u00e9gion Marrakech-Safi, gouverneur de la pr\u00e9fecture de Marrakech, Karim Kassi-Lahlou a effectu\u00e9, le weekend, une visite de terrain pour s\u2019informer de l\u2019\u00e9tat d\u2019avancement des grands chantiers et projets lanc\u00e9s par SM le Roi Mohammed VI pour la r\u00e9habilitation, la mise en valeur et la mise \u00e0 niveau de la M\u00e9dina de Marrakech.<\/p>\n<\/div>\n<div class=\"entry-content clearfix single-post-content\" readability=\"63\">\n<p>La visite de M. Kassi-Lahlou a concern\u00e9 les chantiers ouverts \u00e0 la Place Miara, Hay El Mellah en passant par le circuit de Sidi Boudchich, l\u2019\u00e9cole Sidi Abdelaziz, Riad Laarouss et le circuit Dar El Bacha.<\/p>\n<p>Un communiqu\u00e9 de la wilaya de la r\u00e9gion a indiqu\u00e9 que cette visite a permis de s\u2019informer de visu de l\u2019\u00e9tat d\u2019avancement des travaux dans les diff\u00e9rents services sociaux r\u00e9alis\u00e9s en plus des foundouks, de m\u00eame qu\u2019elle a constitu\u00e9 une occasion pour \u00e9tablir un contact direct avec les artisans, les commer\u00e7ants et la population.<\/p>\n<p>A l\u2019issue de cette visite, M. Kassi-Lahlou, qui \u00e9tait accompagn\u00e9 des chefs de services r\u00e9gionaux d\u00e9centralis\u00e9s concern\u00e9s (la Direction r\u00e9gionale de l\u2019habitat et de la politique de la ville, l\u2019Agence urbaine, le Groupe Al Omrane, la Direction r\u00e9gionale de la culture, la D\u00e9l\u00e9gation des Habous, la R\u00e9gie autonome de distribution d\u2019eau et d\u2019\u00e9lectricit\u00e9 de\u00a0Marrakech),\u00a0a donn\u00e9 des instructions pour un traitement urgent des habitats mena\u00e7ant ruine dans ces circuits n\u00e9cessitant une intervention urgente en vue de prot\u00e9ger la s\u00e9curit\u00e9 des populations et des passagers.<\/p>\n<p>Les projets visit\u00e9s par M. Kassi-Lahlou rentrent dans le cadre des programmes \u00ab\u00a0Marrakech\u00a0cit\u00e9 du renouveau permanent\u00a0\u00bb, \u00ab\u00a0programme de restauration et de mise en valeur des circuits touristiques et spirituels de l\u2019ancienne M\u00e9dina de\u00a0Marrakech\u00a0\u00bb et \u00ab\u00a0programme de mise en valeur de l\u2019ancienne m\u00e9dina de\u00a0Marrakech\u00a0\u00bb.<\/p>\n<\/div>\n<p>Auteur: Mohammed KOURSI<br \/>\n<a href=\"http:\/\/www.mapmarrakech.ma\/fr\/medina-visite-aux-projets-lances-par-sm-le-roi\/\">Cliquez ici pour lire l&rsquo;article depuis sa source.<\/a><\/p>\n","protected":false},"excerpt":{"rendered":"<p>Marrakech \u2013 Le Wali de la r\u00e9gion Marrakech-Safi, gouverneur de la pr\u00e9fecture de Marrakech, Karim Kassi-Lahlou a effectu\u00e9, le weekend, une visite de terrain pour s\u2019informer de l\u2019\u00e9tat d\u2019avancement des grands chantiers et projets lanc\u00e9s par SM le Roi Mohammed VI pour la r\u00e9habilitation, la mise en valeur et la mise \u00e0 niveau de la [&hellip;]<\/p>\n","protected":false},"author":1788,"featured_media":62043,"comment_status":"closed","ping_status":"closed","sticky":false,"template":"","format":"standard","meta":{"fifu_image_url":"","fifu_image_alt":"","footnotes":""},"categories":[54,76],"tags":[],"class_list":["post-62042","post","type-post","status-publish","format-standard","has-post-thumbnail","hentry","category-maroc","category-regions"],"_links":{"self":[{"href":"https:\/\/linitiative.ca\/International\/wp-json\/wp\/v2\/posts\/62042","targetHints":{"allow":["GET"]}}],"collection":[{"href":"https:\/\/linitiative.ca\/International\/wp-json\/wp\/v2\/posts"}],"about":[{"href":"https:\/\/linitiative.ca\/International\/wp-json\/wp\/v2\/types\/post"}],"author":[{"embeddable":true,"href":"https:\/\/linitiative.ca\/International\/wp-json\/wp\/v2\/users\/1788"}],"replies":[{"embeddable":true,"href":"https:\/\/linitiative.ca\/International\/wp-json\/wp\/v2\/comments?post=62042"}],"version-history":[{"count":0,"href":"https:\/\/linitiative.ca\/International\/wp-json\/wp\/v2\/posts\/62042\/revisions"}],"wp:featuredmedia":[{"embeddable":true,"href":"https:\/\/linitiative.ca\/International\/wp-json\/"}],"wp:attachment":[{"href":"https:\/\/linitiative.ca\/International\/wp-json\/wp\/v2\/media?parent=62042"}],"wp:term":[{"taxonomy":"category","embeddable":true,"href":"https:\/\/linitiative.ca\/International\/wp-json\/wp\/v2\/categories?post=62042"},{"taxonomy":"post_tag","embeddable":true,"href":"https:\/\/linitiative.ca\/International\/wp-json\/wp\/v2\/tags?post=62042"}],"curies":[{"name":"wp","href":"https:\/\/api.w.org\/{rel}","templated":true}]}}