{"id":62045,"date":"2019-09-23T10:18:19","date_gmt":"2019-09-23T14:18:19","guid":{"rendered":"https:\/\/linitiative.ca\/International\/assurance-le-gotha-du-secteur-en-conclave\/"},"modified":"2019-09-23T10:18:19","modified_gmt":"2019-09-23T14:18:19","slug":"assurance-le-gotha-du-secteur-en-conclave","status":"publish","type":"post","link":"https:\/\/linitiative.ca\/International\/assurance-le-gotha-du-secteur-en-conclave\/","title":{"rendered":"Assurance: Le gotha du secteur en conclave"},"content":{"rendered":"<div readability=\"37\">\n<p>Marrakech- Les travaux de la 26\u00e8 Conf\u00e9rence de la F\u00e9d\u00e9ration Afro-Asiatique d\u2019Assurance et de R\u00e9assurance \u00ab\u00a0FAIR 2019\u00a0\u00bb ont \u00e9t\u00e9 ouverts, lundi \u00e0 Marrakech, avec la participation de plus de 900 responsables, d\u00e9cideurs et acteurs op\u00e9rant dans ce secteur.<\/p>\n<\/div>\n<div readability=\"180\">\n<p>Plac\u00e9 sous le Haut Patronage de Sa Majest\u00e9 le Roi Mohammed VI, cet important conclave, organis\u00e9 par la Soci\u00e9t\u00e9 Centrale de R\u00e9assurance (SCR) sous le th\u00e8me \u00ab\u00a0Les nouvelles barri\u00e8res \u00e9conomiques dans les march\u00e9s afro-asiatiques des assurances\u00a0\u00bb, r\u00e9unit les repr\u00e9sentants des diff\u00e9rentes compagnies d\u2019assurances et de r\u00e9assurances d\u2019Asie, d\u2019Afrique, du Moyen-Orient et d\u2019Europe.<\/p>\n<p>Tenues tous les deux ans alternativement en Afrique ou en Asie par la \u00ab\u00a0F\u00e9d\u00e9ration Afro-Asiatique d\u2019Assurance et de R\u00e9assurance\u00a0\u00bb, les conf\u00e9rences FAIR regroupent l\u2019ensemble des professionnels des r\u00e9gions Asie, Afrique et Moyen-Orient, et constituent des Etats G\u00e9n\u00e9raux de la profession au sein desdites r\u00e9gions.<\/p>\n<p>Cette Rencontre d\u2019envergure mondiale, qui se poursuit jusqu\u2019au 25 courant, rassemble un parterre d\u2019experts et d\u2019intervenants de tr\u00e8s haut niveau, avec l\u2019objectif d\u2019identifier les voies et les solutions idoines pour permettre au secteur de l\u2019assurance et de la r\u00e9assurance de jouer pleinement son r\u00f4le, notamment la s\u00e9curisation des personnes et des biens et la mobilisation de l\u2019\u00e9pargne pour la r\u00e9gion Afrique-Asie.<\/p>\n<p>Elle offre aussi aux professionnels africains et asiatiques l\u2019opportunit\u00e9 de mutualiser les expertises afin de mieux s\u2019adapter aux mutations que conna\u00eet le secteur.<\/p>\n<p>Ce rassemblement se veut \u00e9galement une plate-forme de d\u00e9bats dynamiques et d\u2019\u00e9changes constructifs entre experts internationaux, avec pour but ultime de forger des liens plus solides et de d\u00e9velopper des outils de collaboration et de coop\u00e9ration entre les deux r\u00e9gions d\u2019Afrique et d\u2019Asie en croissance.<\/p>\n<p>En effet, l\u2019Afrique et l\u2019Asie jouissent, selon les organisateurs, de nombreux points communs, dont un potentiel important de croissance continue, des d\u00e9fis similaires et des objectifs communs, tels que l\u2019objectif d\u2019accro\u00eetre la richesse de leurs nombreuses populations.<\/p>\n<p>Toutefois, le niveau de d\u00e9veloppement et de croissance recherch\u00e9 par ces deux r\u00e9gions est actuellement frein\u00e9 par les d\u00e9fis \u00e9conomiques et les obstacles l\u00e9gislatifs existants.<\/p>\n<p>Ces facteurs, associ\u00e9s \u00e0 la distance g\u00e9ographique et aux diff\u00e9rences de culture et de langue ont rendu les efforts mutuels soutenus et la bonne volont\u00e9 indispensables \u00e0 la r\u00e9alisation d\u2019une croissance et d\u2019une prosp\u00e9rit\u00e9 mesurables et durables pour les deux r\u00e9gions.<\/p>\n<p>De plus, gr\u00e2ce \u00e0 leur solide situation financi\u00e8re et leur capacit\u00e9 \u00e0 diversifier les risques, les assureurs multir\u00e9gionaux se distinguent souvent par une meilleure capacit\u00e9 de paiement en cas de sinistre et sont actuellement en mesure de concevoir le produit d\u2019assurance adapt\u00e9 avec les m\u00eames services appropri\u00e9s au bon endroit et au bon moment.<\/p>\n<p>Pour cette raison, et afin d\u2019\u00eatre \u00e9galement comp\u00e9titives aux niveaux r\u00e9gional et mondial, les compagnies d\u2019assurance afro-asiatiques doivent se regrouper, cr\u00e9er des alliances solides et strat\u00e9giques, et relever\u00a0ensemble les d\u00e9fis r\u00e9gionaux dominants auxquels elles sont toutes confront\u00e9es, notamment la modernisation, le d\u00e9veloppement du capital humain, l\u2019am\u00e9lioration des comp\u00e9tences, la gestion des risques de souscription, les implications en termes d\u2019avancement technologique, la gestion du risque\u2026<\/p>\n<p>De nombreuses solutions pratiques sont ainsi actuellement disponibles et devraient \u00eatre exploit\u00e9es tout au long de cet effort collectif. Parmi elles, figure le partage des meilleures pratiques et des \u00ab\u00a0success stories\u00a0\u00bb, la cr\u00e9ation de nouveaux laboratoires de conception de produits et le lancement d\u2019une acad\u00e9mie de gestion des assurances.<\/p>\n<p>Par ailleurs, le d\u00e9veloppement des diverses offres, telles que les solutions num\u00e9riques ainsi que les produits de micro-assurance, d\u2019assurance agricole, d\u2019assurance automobile et d\u2019assurance maladie, peut encore renforcer la collaboration de ces acteurs r\u00e9gionaux, d\u2019o\u00f9 l\u2019importance de cette Conf\u00e9rence en tant que premi\u00e8re \u00e9tape vers le lancement et le renforcement de cet effort collectif et tremplin vers la r\u00e9alisation des objectifs communs.<\/p>\n<p>Figurent au menu de cette 26\u00e8me Conf\u00e9rence, plusieurs sessions pl\u00e9ni\u00e8res o\u00f9 les participants vont se focaliser sur des th\u00e8mes tels que: \u00ab\u00a0Les success stories de l\u2019Assurance et de la Micro-assurance en Afrique et en Asie\u00a0\u00bb, \u00ab\u00a0Les nouvelles barri\u00e8res \u00e9conomiques au sein de l\u2019Assurance Afro-Asiatique et les march\u00e9s de r\u00e9assurance\u00a0\u00bb, \u00ab\u00a0Lorsque Innovation rencontre L\u00e9gislation\u00a0\u00bb, \u00ab\u00a0Les moyens de renforcement de la coop\u00e9ration Afro-Asiatique dans les domaines de l\u2019Assurance et de la R\u00e9assurance\u00a0\u00bb, outre des rencontres bilat\u00e9rales, des ateliers, des assembl\u00e9es g\u00e9n\u00e9rales de plusieurs structures (pools) et des r\u00e9unions de comit\u00e9s techniques relevant de la FAIR.<\/p>\n<p>Portant l\u2019objectif du d\u00e9veloppement de l\u2019industrie des assurances dans les pays afro-asiatiques et visant \u00e0 promouvoir la coop\u00e9ration entre les soci\u00e9t\u00e9s d\u2019assurance et de r\u00e9assurance d\u2019Afrique et d\u2019Asie, par le biais d\u2019un \u00e9change r\u00e9gulier d\u2019informations, de comp\u00e9tences et du d\u00e9veloppement des relations commerciales, la FAIR a vu le jour en septembre 1964 et s\u2019inscrit en suite de la D\u00e9claration de Bandung dans son chapitre relatif \u00e0 la coop\u00e9ration \u00e9conomique.<\/p>\n<p>La FAIR, qui comprend aujourd\u2019hui 245 membres issus de 54 pays d\u2019Afrique, d\u2019Asie et du Moyen Orient, est structur\u00e9e en Pool (par branche) avec l\u2019id\u00e9e d\u2019utiliser le syst\u00e8me de pool de r\u00e9assurance au profit des entreprises afro-asiatiques.<\/p>\n<p>La Soci\u00e9t\u00e9 Centrale de R\u00e9assurance, h\u00f4te organisateur de \u00ab\u00a0FAIR 2019\u00a0\u00bb, est ainsi chef de file du Pool FAIR Aviation depuis novembre 1989.<\/p>\n<p>Cr\u00e9\u00e9e en 1960 par la Caisse de D\u00e9p\u00f4t et de Gestion (CDG), la SCR, premier r\u00e9assureur du Maroc, a pour vocation d\u2019accompagner les grands chantiers du Royaume en r\u00e9assurant les risques relatifs aux projets.<\/p>\n<p>Filiale de la CDG, elle d\u00e9tient une position de leader sur le march\u00e9 marocain de la r\u00e9assurance et joue un r\u00f4le d\u2019investisseur institutionnel en participant \u00e0 la conservation des primes au niveau national et \u00e0 la mobilisation de l\u2019\u00e9pargne dans l\u2019\u00e9conomie du pays.<\/p>\n<p>Gr\u00e2ce \u00e0 sa longue exp\u00e9rience et \u00e0 sa parfaite connaissance des march\u00e9s internationaux de r\u00e9assurance, la SCR contribue notamment \u00e0 la s\u00e9curisation du march\u00e9 marocain en le pr\u00e9servant des turbulences internationales en mati\u00e8re de conditions de r\u00e9assurance.<\/p>\n<p>Elle g\u00e8re, par ailleurs, un portefeuille de 300 clients et op\u00e8re dans plus de 50 pays, notamment en Afrique et au Moyen-Orient ainsi qu\u2019en Inde et en Chine.<\/p>\n<\/div>\n<p>Auteur: Mohammed KOURSI<br \/>\n<a href=\"http:\/\/www.mapmarrakech.ma\/fr\/assurance-le-gotha-du-secteur-en-conclave\/\">Cliquez ici pour lire l&rsquo;article depuis sa source.<\/a><\/p>\n","protected":false},"excerpt":{"rendered":"<p>Marrakech- Les travaux de la 26\u00e8 Conf\u00e9rence de la F\u00e9d\u00e9ration Afro-Asiatique d\u2019Assurance et de R\u00e9assurance \u00ab\u00a0FAIR 2019\u00a0\u00bb ont \u00e9t\u00e9 ouverts, lundi \u00e0 Marrakech, avec la participation de plus de 900 responsables, d\u00e9cideurs et acteurs op\u00e9rant dans ce secteur. Plac\u00e9 sous le Haut Patronage de Sa Majest\u00e9 le Roi Mohammed VI, cet important conclave, organis\u00e9 par [&hellip;]<\/p>\n","protected":false},"author":1788,"featured_media":0,"comment_status":"closed","ping_status":"closed","sticky":false,"template":"","format":"standard","meta":{"fifu_image_url":"","fifu_image_alt":"","footnotes":""},"categories":[54,76],"tags":[],"class_list":["post-62045","post","type-post","status-publish","format-standard","hentry","category-maroc","category-regions"],"_links":{"self":[{"href":"https:\/\/linitiative.ca\/International\/wp-json\/wp\/v2\/posts\/62045","targetHints":{"allow":["GET"]}}],"collection":[{"href":"https:\/\/linitiative.ca\/International\/wp-json\/wp\/v2\/posts"}],"about":[{"href":"https:\/\/linitiative.ca\/International\/wp-json\/wp\/v2\/types\/post"}],"author":[{"embeddable":true,"href":"https:\/\/linitiative.ca\/International\/wp-json\/wp\/v2\/users\/1788"}],"replies":[{"embeddable":true,"href":"https:\/\/linitiative.ca\/International\/wp-json\/wp\/v2\/comments?post=62045"}],"version-history":[{"count":0,"href":"https:\/\/linitiative.ca\/International\/wp-json\/wp\/v2\/posts\/62045\/revisions"}],"wp:attachment":[{"href":"https:\/\/linitiative.ca\/International\/wp-json\/wp\/v2\/media?parent=62045"}],"wp:term":[{"taxonomy":"category","embeddable":true,"href":"https:\/\/linitiative.ca\/International\/wp-json\/wp\/v2\/categories?post=62045"},{"taxonomy":"post_tag","embeddable":true,"href":"https:\/\/linitiative.ca\/International\/wp-json\/wp\/v2\/tags?post=62045"}],"curies":[{"name":"wp","href":"https:\/\/api.w.org\/{rel}","templated":true}]}}