{"id":62046,"date":"2019-09-23T13:22:59","date_gmt":"2019-09-23T17:22:59","guid":{"rendered":"https:\/\/linitiative.ca\/International\/le-maroc-elu-a-la-tete-de-la-fair\/"},"modified":"2019-09-23T13:22:59","modified_gmt":"2019-09-23T17:22:59","slug":"le-maroc-elu-a-la-tete-de-la-fair","status":"publish","type":"post","link":"https:\/\/linitiative.ca\/International\/le-maroc-elu-a-la-tete-de-la-fair\/","title":{"rendered":"Le Maroc \u00e9lu \u00e0 la t\u00eate de la FAIR"},"content":{"rendered":"<div readability=\"36\">\n<p>Marrakech- Le Maroc en la personne de M. Youssef Fassi Fihri, Directeur G\u00e9n\u00e9ral de la Soci\u00e9t\u00e9 Centrale de R\u00e9assurance (SCR), a \u00e9t\u00e9 \u00e9lu Pr\u00e9sident du Conseil d\u2019Administration de la F\u00e9d\u00e9ration Afro-Asiatique d\u2019Assurance et de R\u00e9assurance (FAIR) pour un mandat de deux ans.<\/p>\n<\/div>\n<div readability=\"100\">\n<p>Cette \u00e9lection du Royaume par l\u2019Assembl\u00e9e g\u00e9n\u00e9rale de la F\u00e9d\u00e9ration intervient en marge de la 26\u00e8 Conf\u00e9rence de la FAIR, dont les travaux ont \u00e9t\u00e9 ouverts, lundi \u00e0\u00a0Marrakech, avec la participation de pr\u00e8s de 1.000 responsables, d\u00e9cideurs et acteurs op\u00e9rant dans ce secteur, venus de 54 pays.<\/p>\n<p>A cet effet, une c\u00e9r\u00e9monie de passation de la pr\u00e9sidence de la FAIR entre le Bahre\u00efn, en la personne du pr\u00e9sident sortant, Yassir Albaharna, et le Maroc, en la personne de M. Fihri, a \u00e9t\u00e9 organis\u00e9e lors de l\u2019ouverture de ce Conclave de grande envergure, ce qui acte\u00a0le d\u00e9marrage du mandat de\u00a0la pr\u00e9sidence du Maroc \u00e0 la t\u00eate de la F\u00e9d\u00e9ration.<\/p>\n<p>Portant l\u2019objectif du d\u00e9veloppement de l\u2019industrie des assurances dans les pays afro-asiatiques et visant \u00e0 promouvoir la coop\u00e9ration entre les soci\u00e9t\u00e9s d\u2019assurance et de r\u00e9assurance d\u2019Afrique et d\u2019Asie, par le biais d\u2019un \u00e9change r\u00e9gulier d\u2019informations, de comp\u00e9tences et du d\u00e9veloppement des relations commerciales, la FAIR a vu le jour en septembre 1964 et s\u2019inscrit en suite de la D\u00e9claration de Bandung dans son chapitre relatif \u00e0 la coop\u00e9ration \u00e9conomique.<\/p>\n<p>La FAIR, qui comprend aujourd\u2019hui 245 membres issus de 54 pays d\u2019Afrique, d\u2019Asie et du Moyen Orient, est structur\u00e9e en Pool (par branche) avec l\u2019id\u00e9e d\u2019utiliser le syst\u00e8me de pool de r\u00e9assurance au profit des entreprises afro-asiatiques.<\/p>\n<p>Plac\u00e9e sous le Haut Patronage de Sa Majest\u00e9 le Roi Mohammed VI, la 26\u00e8me Conf\u00e9rence de la FAIR, organis\u00e9e par la SCR sous le th\u00e8me \u00ab\u00a0Les nouvelles barri\u00e8res \u00e9conomiques dans les march\u00e9s afro-asiatiques des assurances\u00a0\u00bb, r\u00e9unit les repr\u00e9sentants des diff\u00e9rentes compagnies d\u2019assurances et de r\u00e9assurances d\u2019Asie, d\u2019Afrique, du Moyen-Orient et d\u2019Europe.<\/p>\n<p>Tenues tous les deux ans alternativement en Afrique ou en Asie par la \u00ab\u00a0F\u00e9d\u00e9ration Afro-Asiatique d\u2019Assurance et de R\u00e9assurance\u00a0\u00bb, les conf\u00e9rences FAIR regroupent l\u2019ensemble des professionnels des r\u00e9gions Asie, Afrique et Moyen-Orient, et constituent des Etats G\u00e9n\u00e9raux de la profession au sein desdites r\u00e9gions.<\/p>\n<p>Cette Rencontre d\u2019envergure mondiale, qui se poursuit jusqu\u2019au 25 courant, rassemble ainsi un parterre d\u2019experts et d\u2019intervenants de tr\u00e8s haut niveau, avec l\u2019objectif d\u2019identifier les voies et les solutions idoines pour permettre au secteur de l\u2019assurance et de la r\u00e9assurance de jouer pleinement son r\u00f4le, notamment la s\u00e9curisation des personnes et des biens et la mobilisation de l\u2019\u00e9pargne pour la r\u00e9gion Afrique-Asie.<\/p>\n<p>Elle se veut \u00e9galement une plate-forme de d\u00e9bats dynamiques et d\u2019\u00e9changes constructifs entre experts internationaux, avec pour but ultime de forger des liens plus solides et de d\u00e9velopper des outils de collaboration et de coop\u00e9ration entre les deux r\u00e9gions d\u2019Afrique et d\u2019Asie en croissance.<\/p>\n<\/div>\n<p>Auteur: Mohammed KOURSI<br \/>\n<a href=\"http:\/\/www.mapmarrakech.ma\/fr\/le-maroc-elu-a-la-tete-de-la-fair\/\">Cliquez ici pour lire l&rsquo;article depuis sa source.<\/a><\/p>\n","protected":false},"excerpt":{"rendered":"<p>Marrakech- Le Maroc en la personne de M. Youssef Fassi Fihri, Directeur G\u00e9n\u00e9ral de la Soci\u00e9t\u00e9 Centrale de R\u00e9assurance (SCR), a \u00e9t\u00e9 \u00e9lu Pr\u00e9sident du Conseil d\u2019Administration de la F\u00e9d\u00e9ration Afro-Asiatique d\u2019Assurance et de R\u00e9assurance (FAIR) pour un mandat de deux ans. Cette \u00e9lection du Royaume par l\u2019Assembl\u00e9e g\u00e9n\u00e9rale de la F\u00e9d\u00e9ration intervient en marge [&hellip;]<\/p>\n","protected":false},"author":1788,"featured_media":0,"comment_status":"closed","ping_status":"closed","sticky":false,"template":"","format":"standard","meta":{"fifu_image_url":"","fifu_image_alt":"","footnotes":""},"categories":[54,76],"tags":[],"class_list":["post-62046","post","type-post","status-publish","format-standard","hentry","category-maroc","category-regions"],"_links":{"self":[{"href":"https:\/\/linitiative.ca\/International\/wp-json\/wp\/v2\/posts\/62046","targetHints":{"allow":["GET"]}}],"collection":[{"href":"https:\/\/linitiative.ca\/International\/wp-json\/wp\/v2\/posts"}],"about":[{"href":"https:\/\/linitiative.ca\/International\/wp-json\/wp\/v2\/types\/post"}],"author":[{"embeddable":true,"href":"https:\/\/linitiative.ca\/International\/wp-json\/wp\/v2\/users\/1788"}],"replies":[{"embeddable":true,"href":"https:\/\/linitiative.ca\/International\/wp-json\/wp\/v2\/comments?post=62046"}],"version-history":[{"count":0,"href":"https:\/\/linitiative.ca\/International\/wp-json\/wp\/v2\/posts\/62046\/revisions"}],"wp:attachment":[{"href":"https:\/\/linitiative.ca\/International\/wp-json\/wp\/v2\/media?parent=62046"}],"wp:term":[{"taxonomy":"category","embeddable":true,"href":"https:\/\/linitiative.ca\/International\/wp-json\/wp\/v2\/categories?post=62046"},{"taxonomy":"post_tag","embeddable":true,"href":"https:\/\/linitiative.ca\/International\/wp-json\/wp\/v2\/tags?post=62046"}],"curies":[{"name":"wp","href":"https:\/\/api.w.org\/{rel}","templated":true}]}}