{"id":62047,"date":"2019-09-23T13:55:02","date_gmt":"2019-09-23T17:55:02","guid":{"rendered":"https:\/\/linitiative.ca\/International\/afrique-asie-le-secteur-de-lassurance-en-bonne-sante\/"},"modified":"2019-09-23T13:55:02","modified_gmt":"2019-09-23T17:55:02","slug":"afrique-asie-le-secteur-de-lassurance-en-bonne-sante","status":"publish","type":"post","link":"https:\/\/linitiative.ca\/International\/afrique-asie-le-secteur-de-lassurance-en-bonne-sante\/","title":{"rendered":"Afrique-Asie: Le secteur de l\u2019assurance en bonne sant\u00e9"},"content":{"rendered":"<p>S\u2019exprimant \u00e0 l\u2019ouverture des travaux de la 26\u00e8me Conf\u00e9rence de la F\u00e9d\u00e9ration Afro-Asiatique d\u2019Assurance et de R\u00e9assurance \u00ab\u00a0FAIR 2019\u00a0\u00bb, M.\u00a0Zaghnoun, \u00e9galement pr\u00e9sident du Conseil d\u2019administration de la Soci\u00e9t\u00e9 Centrale de R\u00e9assurance (SCR), h\u00f4te et organisateur de cet \u00e9v\u00e9nement, a soulign\u00e9 que ces m\u00e9canismes doivent assurer une couverture mutuelle des risques, tout en visant \u00e0 diversifier et \u00e9quilibrer l\u2019offre de services.<\/p>\n<p>Apr\u00e8s avoir relev\u00e9 que cette 26\u00e8 \u00e9dition de la Conf\u00e9rence FAIR se tient dans un contexte mondial \u00ab\u00a0marqu\u00e9 par des tensions g\u00e9opolitiques, des guerres commerciales et le retour de certaines mesures protectionnistes\u00a0\u00bb, M.\u00a0Zaghnoun\u00a0a estim\u00e9 que pour les pays \u00e9mergents, le d\u00e9veloppement de nouvelles opportunit\u00e9s est tributaire du d\u00e9ploiement de nouvelles synergies, particuli\u00e8rement dans le secteur de l\u2019assurance et de la r\u00e9assurance.<\/p>\n<p>Toutefois, a-t-il fait remarquer, cette volont\u00e9 de collaboration et de partage peut \u00ab\u00a0se heurter \u00e0 des barri\u00e8res, notamment \u00e9conomiques, au sein du secteur afro-asiatique de l\u2019assurance et de la r\u00e9assurance, ce qui peut rendre moins comp\u00e9titive l\u2019offre de services entre assureurs des pays membres de la FAIR\u00a0\u00bb.<\/p>\n<p>Ce th\u00e8me, eu \u00e9gard \u00e0 son importance pour l\u2019avenir de la profession, sera au c\u0153ur des pl\u00e9ni\u00e8res et des \u00e9changes lors de cette Rencontre, a-t-il pr\u00e9cis\u00e9.<\/p>\n<p>Et de poursuivre qu\u2019un autre d\u00e9fi s\u2019impose: \u00ab\u00a0l\u2019ub\u00e9risation de pans entiers de l\u2019\u00e9conomie, ainsi que les avanc\u00e9es fulgurantes de la Big Data, imposent aux assureurs l\u2019adoption de nouvelles approches en mati\u00e8re d\u2019\u00e9valuation et de couverture des risques\u00a0\u00bb.<\/p>\n<p>\u00ab\u00a0Voitures sans chauffeurs, sant\u00e9 connect\u00e9e, domotique,\u2026 l\u2019exploitation intelligente des donn\u00e9es repr\u00e9sente pour notre secteur une formidable opportunit\u00e9 de croissance, en affinant notre gestion des risques, ainsi qu\u2019en d\u00e9veloppant une nouvelle g\u00e9n\u00e9ration de produits d\u2019assurances\u00a0\u00bb, a-t-il ajout\u00e9.<\/p>\n<p>Et de noter que dans le monde de demain, l\u2019approche statistique du m\u00e9tier c\u00e9dera peut-\u00eatre le pas \u00e0 une appr\u00e9hension plus pr\u00e9dictive des risques, soulignant que \u00ab\u00a0ces d\u00e9fis, c\u2019est ensemble que nous devons les relever\u00a0\u00bb.<\/p>\n<p>\u00ab\u00a0Aussi bien en Afrique qu\u2019en Asie, la croissance \u00e9conomique et d\u00e9mographique constitue un terreau propice au d\u00e9veloppement du secteur de l\u2019assurance et de la r\u00e9assurance\u00a0\u00bb, a soutenu le responsable, affirmant qu\u2019\u00a0\u00bben multipliant les partenariats fructueux entre les compagnies des deux Continents, non seulement nous consolidons notre avenir, mais nous restons aussi fid\u00e8les \u00e0 l\u2019esprit de la D\u00e9claration de Bandung qui a permis \u00e0 notre F\u00e9d\u00e9ration de voir le jour\u00a0\u00bb.<\/p>\n<p>Il a aussi indiqu\u00e9 que les cyber-risques, la r\u00e9glementation, la micro-assurance, la coop\u00e9ration afro-asiatique feront, entre autres, l\u2019objet de travaux \u00ab\u00a0passionnants\u00a0\u00bb lors de cette Conf\u00e9rence, profitant ainsi de l\u2019expertise et des apports d\u2019\u00e9minents pan\u00e9listes pr\u00e9sents \u00e0 cet \u00e9v\u00e9nement.<\/p>\n<p>Tout en soulignant que \u00ab\u00a0FAIR 2019\u00a0\u00bb est \u00ab\u00a0un atout extraordinaire pour nos r\u00e9gions et pour leurs \u00e9conomies\u00a0\u00bb, M.\u00a0Zaghnoun\u00a0s\u2019est dit convaincu que ce conclave d\u2019envergure servira d\u2019\u00a0\u00bbespace idoine pour d\u00e9battre et \u00e9changer, nouer des partenariats fructueux et trouver les voies pour une croissance efficiente et durable\u00a0\u00bb.<\/p>\n<p>De son c\u00f4t\u00e9, le Directeur G\u00e9n\u00e9ral de la SCR, Youssef Fassi Fihri, a \u00e9mis le v\u0153u de voir cette 26\u00e8 Conf\u00e9rence \u00ab\u00a0FAIR 2019\u00a0\u00bb constituer une \u00e9tape importante pour l\u2019avenir des activit\u00e9s du secteur.<\/p>\n<p>\u00ab\u00a0Nous souhaitons faire de notre Rencontre une \u00e9tape importante pour l\u2019avenir de nos activit\u00e9s non seulement dans nos Continents respectifs, mais aussi pour le d\u00e9veloppement \u00e0 long terme d\u2019une coop\u00e9ration transcontinentale efficiente et durable\u00a0\u00bb, a d\u00e9clar\u00e9 le DG de la SCR, filiale de la CDG.<\/p>\n<p>Cette 26\u00e8 \u00e9dition, qui conna\u00eet la participation de pr\u00e8s de 1.100 responsables et d\u00e9cideurs venus de 54 pays, sera l\u2019occasion de d\u00e9battre et de discuter des nouvelles barri\u00e8res \u00e9conomiques qui se dressent devant les march\u00e9s de l\u2019assurance afro-asiatiques, a-t-il relev\u00e9, ajoutant que ce conclave permettra d\u2019identifier les moyens et les solutions \u00e0 m\u00eame de \u00ab\u00a0nous permettre de jouer pleinement notre r\u00f4le en termes de s\u00e9curisation des personnes et des biens et de stimulation des \u00e9conomies dans nos r\u00e9gions\u00a0\u00bb.<\/p>\n<p>\u00ab\u00a0Nos r\u00e9gions disposent d\u2019un grand potentiel de croissance \u00e9conomique au cours des 20 prochaines ann\u00e9es, mais elles demeurent \u00e9galement confront\u00e9es \u00e0 des d\u00e9fis majeurs, dont beaucoup sont intrins\u00e8ques\u00a0\u00bb, a-t-il fait observer.<\/p>\n<p>Ces d\u00e9fis, qui sont essentiellement d\u2019ordre d\u00e9mographique et environnemental et li\u00e9s aussi \u00e0 l\u2019insuffisance alimentaire, aux risques financiers et politiques, \u00ab\u00a0nous interpellent afin de d\u00e9velopper des produits durables, inclusifs, \u00e9prouv\u00e9s, innovants et adapt\u00e9s qui peuvent soutenir efficacement le d\u00e9veloppement et l\u2019am\u00e9lioration de nos \u00e9conomies\u00a0\u00bb.<\/p>\n<p>Pour M. Fassi Fihri, il existe de r\u00e9elles opportunit\u00e9s et des voies \u00e0 emprunter en vue de coop\u00e9rer et de jeter des passerelles d\u2019excellence et de confiance afin de partager les meilleures pratiques et d\u00e9velopper une r\u00e9silience et des connaissances communes dans l\u2019analyse des donn\u00e9es associ\u00e9es \u00e0 la technologie.<\/p>\n<p>Mettant en avant l\u2019importance des th\u00e8mes et des ateliers qui seront \u00e0 l\u2019ordre du jour de cette Conf\u00e9rence, il a affirm\u00e9 en conclusion que \u00ab\u00a0Echanges, rencontres, d\u00e9veloppement des relations d\u2019affaires, coop\u00e9ration et expertise seront les ma\u00eetres-mots\u00a0\u00bb de ce conclave.<\/p>\n<p>L\u2019ouverture des travaux de cette Conf\u00e9rence a \u00e9t\u00e9 marqu\u00e9e par une c\u00e9r\u00e9monie de passation de la pr\u00e9sidence entre le Bahre\u00efn en la personne du pr\u00e9sident sortant de la FAIR, Yassir Albaharna, et le Maroc, en la personne du DG de la SCR, Youssef Fassi Fihri, qui va assurer la pr\u00e9sidence de la F\u00e9d\u00e9ration pour un mandat de deux ans.<\/p>\n<p>Plac\u00e9e sous le Haut Patronage de Sa Majest\u00e9 le Roi Mohammed VI, la 26\u00e8me Conf\u00e9rence de la FAIR, organis\u00e9e par la SCR sous le th\u00e8me \u00ab\u00a0Les nouvelles barri\u00e8res \u00e9conomiques dans les march\u00e9s afro-asiatiques des assurances\u00a0\u00bb, r\u00e9unit les repr\u00e9sentants des diff\u00e9rentes compagnies d\u2019assurances et de r\u00e9assurances d\u2019Asie, d\u2019Afrique, du Moyen-Orient et d\u2019Europe.<\/p>\n<p>Tenues tous les deux ans alternativement en Afrique ou en Asie par la \u00ab\u00a0F\u00e9d\u00e9ration Afro-Asiatique d\u2019Assurance et de R\u00e9assurance\u00a0\u00bb, les conf\u00e9rences FAIR regroupent l\u2019ensemble des professionnels des r\u00e9gions Asie, Afrique et Moyen-Orient, et constituent des Etats G\u00e9n\u00e9raux de la profession au sein desdites r\u00e9gions.<\/p>\n<p>Cette Rencontre d\u2019envergure mondiale, qui se poursuit jusqu\u2019au 25 courant, rassemble ainsi un parterre d\u2019experts et d\u2019intervenants de tr\u00e8s haut niveau, avec l\u2019objectif d\u2019identifier les voies et les solutions idoines pour permettre au secteur de l\u2019assurance et de la r\u00e9assurance de jouer pleinement son r\u00f4le, notamment la s\u00e9curisation des personnes et des biens et la mobilisation de l\u2019\u00e9pargne pour la r\u00e9gion Afrique-Asie.<\/p>\n<p>Elle se veut \u00e9galement une plate-forme de d\u00e9bats dynamiques et d\u2019\u00e9changes constructifs entre experts internationaux, avec pour but ultime de forger des liens plus solides et de d\u00e9velopper des outils de collaboration et de coop\u00e9ration entre les deux r\u00e9gions d\u2019Afrique et d\u2019Asie en croissance.<\/p>\n<p>Auteur: Mohammed KOURSI<br \/>\n<a href=\"http:\/\/www.mapmarrakech.ma\/fr\/le-secteur-afro-asiatique-de-lassurance-en-bonne-sante\/\">Cliquez ici pour lire l&rsquo;article depuis sa source.<\/a><\/p>\n","protected":false},"excerpt":{"rendered":"<p>S\u2019exprimant \u00e0 l\u2019ouverture des travaux de la 26\u00e8me Conf\u00e9rence de la F\u00e9d\u00e9ration Afro-Asiatique d\u2019Assurance et de R\u00e9assurance \u00ab\u00a0FAIR 2019\u00a0\u00bb, M.\u00a0Zaghnoun, \u00e9galement pr\u00e9sident du Conseil d\u2019administration de la Soci\u00e9t\u00e9 Centrale de R\u00e9assurance (SCR), h\u00f4te et organisateur de cet \u00e9v\u00e9nement, a soulign\u00e9 que ces m\u00e9canismes doivent assurer une couverture mutuelle des risques, tout en visant \u00e0 diversifier [&hellip;]<\/p>\n","protected":false},"author":1788,"featured_media":0,"comment_status":"closed","ping_status":"closed","sticky":false,"template":"","format":"standard","meta":{"fifu_image_url":"","fifu_image_alt":"","footnotes":""},"categories":[54,76],"tags":[],"class_list":["post-62047","post","type-post","status-publish","format-standard","hentry","category-maroc","category-regions"],"_links":{"self":[{"href":"https:\/\/linitiative.ca\/International\/wp-json\/wp\/v2\/posts\/62047","targetHints":{"allow":["GET"]}}],"collection":[{"href":"https:\/\/linitiative.ca\/International\/wp-json\/wp\/v2\/posts"}],"about":[{"href":"https:\/\/linitiative.ca\/International\/wp-json\/wp\/v2\/types\/post"}],"author":[{"embeddable":true,"href":"https:\/\/linitiative.ca\/International\/wp-json\/wp\/v2\/users\/1788"}],"replies":[{"embeddable":true,"href":"https:\/\/linitiative.ca\/International\/wp-json\/wp\/v2\/comments?post=62047"}],"version-history":[{"count":0,"href":"https:\/\/linitiative.ca\/International\/wp-json\/wp\/v2\/posts\/62047\/revisions"}],"wp:attachment":[{"href":"https:\/\/linitiative.ca\/International\/wp-json\/wp\/v2\/media?parent=62047"}],"wp:term":[{"taxonomy":"category","embeddable":true,"href":"https:\/\/linitiative.ca\/International\/wp-json\/wp\/v2\/categories?post=62047"},{"taxonomy":"post_tag","embeddable":true,"href":"https:\/\/linitiative.ca\/International\/wp-json\/wp\/v2\/tags?post=62047"}],"curies":[{"name":"wp","href":"https:\/\/api.w.org\/{rel}","templated":true}]}}