{"id":62050,"date":"2019-09-23T09:27:11","date_gmt":"2019-09-23T13:27:11","guid":{"rendered":"https:\/\/linitiative.ca\/International\/tlemcen-33-37-kg-de-kif-traite-recuperes-en-mer-au-large-de-honaine\/"},"modified":"2019-09-23T09:27:11","modified_gmt":"2019-09-23T13:27:11","slug":"tlemcen-33-37-kg-de-kif-traite-recuperes-en-mer-au-large-de-honaine","status":"publish","type":"post","link":"https:\/\/linitiative.ca\/International\/tlemcen-33-37-kg-de-kif-traite-recuperes-en-mer-au-large-de-honaine\/","title":{"rendered":"Tlemcen : 33, 37 kg de kif trait\u00e9 r\u00e9cup\u00e9r\u00e9s en mer au large de Hona\u00efne"},"content":{"rendered":"<div>\n<div class=\"K2FeedImage\"><img decoding=\"async\" src=\"http:\/\/www.aps.dz\/media\/k2\/items\/cache\/c5c7fdd6cf6246c5437d7bab38911ef2_S.jpg\" alt=\"Tlemcen : 33, 37 kg de kif trait\u00e9 r\u00e9cup\u00e9r\u00e9s en mer au large de Hona\u00efne\"><\/div>\n<div class=\"K2FeedIntroText\">\n<p><strong>ORAN &#8211; Un colis contenant 33,37 kilos de kif trait\u00e9 a \u00e9t\u00e9 rep\u00each\u00e9, dimanche soir, par les gardes-c\u00f4tes, flottant dans les eaux du littoral de Hona\u00efne, dans la wilaya de Tlemcen, a-t-on appris lundi, de ce corps de s\u00e9curit\u00e9.<\/strong><\/p>\n<\/div>\n<div class=\"K2FeedFullText\">\n<p>Lors d\u2019une patrouille, les gardes-c\u00f4tes ont r\u00e9cup\u00e9r\u00e9, \u00e0 1 mile au nord de Hona\u00efne (Tlemcen), un colis contenant une quantit\u00e9 de 33,37 kg de kif trait\u00e9, emball\u00e9s sous formes de plaquettes, a indiqu\u00e9 la m\u00eame source.<\/p>\n<p>Cette drogue devra \u00eatre remise \u00e0 la brigade de la gendarmerie nationale de Hona\u00efne, a-t-on pr\u00e9cis\u00e9 de m\u00eame source.<\/p>\n<\/div>\n<\/div>\n<p>Auteur:<br \/>\n<a href=\"http:\/\/www.aps.dz\/regions\/94720-tlemcen-33-37-kg-de-kif-traite-recuperes-en-mer-au-large-de-honaine\">Cliquez ici pour lire l&rsquo;article depuis sa source.<\/a><\/p>\n","protected":false},"excerpt":{"rendered":"<p>ORAN &#8211; Un colis contenant 33,37 kilos de kif trait\u00e9 a \u00e9t\u00e9 rep\u00each\u00e9, dimanche soir, par les gardes-c\u00f4tes, flottant dans les eaux du littoral de Hona\u00efne, dans la wilaya de Tlemcen, a-t-on appris lundi, de ce corps de s\u00e9curit\u00e9. Lors d\u2019une patrouille, les gardes-c\u00f4tes ont r\u00e9cup\u00e9r\u00e9, \u00e0 1 mile au nord de Hona\u00efne (Tlemcen), un [&hellip;]<\/p>\n","protected":false},"author":1790,"featured_media":62051,"comment_status":"closed","ping_status":"closed","sticky":false,"template":"","format":"standard","meta":{"fifu_image_url":"","fifu_image_alt":"","footnotes":""},"categories":[53,76],"tags":[],"class_list":["post-62050","post","type-post","status-publish","format-standard","has-post-thumbnail","hentry","category-algerie","category-regions"],"_links":{"self":[{"href":"https:\/\/linitiative.ca\/International\/wp-json\/wp\/v2\/posts\/62050","targetHints":{"allow":["GET"]}}],"collection":[{"href":"https:\/\/linitiative.ca\/International\/wp-json\/wp\/v2\/posts"}],"about":[{"href":"https:\/\/linitiative.ca\/International\/wp-json\/wp\/v2\/types\/post"}],"author":[{"embeddable":true,"href":"https:\/\/linitiative.ca\/International\/wp-json\/wp\/v2\/users\/1790"}],"replies":[{"embeddable":true,"href":"https:\/\/linitiative.ca\/International\/wp-json\/wp\/v2\/comments?post=62050"}],"version-history":[{"count":0,"href":"https:\/\/linitiative.ca\/International\/wp-json\/wp\/v2\/posts\/62050\/revisions"}],"wp:featuredmedia":[{"embeddable":true,"href":"https:\/\/linitiative.ca\/International\/wp-json\/"}],"wp:attachment":[{"href":"https:\/\/linitiative.ca\/International\/wp-json\/wp\/v2\/media?parent=62050"}],"wp:term":[{"taxonomy":"category","embeddable":true,"href":"https:\/\/linitiative.ca\/International\/wp-json\/wp\/v2\/categories?post=62050"},{"taxonomy":"post_tag","embeddable":true,"href":"https:\/\/linitiative.ca\/International\/wp-json\/wp\/v2\/tags?post=62050"}],"curies":[{"name":"wp","href":"https:\/\/api.w.org\/{rel}","templated":true}]}}