{"id":62052,"date":"2019-09-23T13:28:34","date_gmt":"2019-09-23T17:28:34","guid":{"rendered":"https:\/\/linitiative.ca\/International\/port-doran-5-millions-de-tonnes-de-marchandises-traitees-le-premier-semestre-2019\/"},"modified":"2019-09-23T13:28:34","modified_gmt":"2019-09-23T17:28:34","slug":"port-doran-5-millions-de-tonnes-de-marchandises-traitees-le-premier-semestre-2019","status":"publish","type":"post","link":"https:\/\/linitiative.ca\/International\/port-doran-5-millions-de-tonnes-de-marchandises-traitees-le-premier-semestre-2019\/","title":{"rendered":"Port d\u2019Oran : 5 millions de tonnes de marchandises trait\u00e9es le premier semestre 2019"},"content":{"rendered":"<div>\n<div class=\"K2FeedImage\"><img decoding=\"async\" src=\"http:\/\/www.aps.dz\/media\/k2\/items\/cache\/1e7b20a9038f54c0d87caa0bb55df426_S.jpg\" alt=\"Port d\u2019Oran : 5 millions de tonnes de marchandises trait\u00e9es le premier semestre 2019\"><\/div>\n<div class=\"K2FeedIntroText\">\n<p><strong>ORAN- Le volume des marchandises trait\u00e9es au niveau du port d\u2019Oran durant le premier semestre de l\u2019ann\u00e9e en cours a atteint 5 millions de tonnes soit une hausse de 20 %, a-t-on appris aupr\u00e8s de cette entreprise portuaire.<\/strong><\/p>\n<\/div>\n<div class=\"K2FeedFullText\">\n<p>Le volume des marchandises trait\u00e9es au niveau du port d\u2019Oran est pass\u00e9 de 4 millions au premier semestre 2018 \u00e0 5 millions de tonnes au premier semestre de cette ann\u00e9e, soit une hausse de 20 %, a-t-on indiqu\u00e9 de m\u00eame source.<\/p>\n<p>Le volume des marchandises solides a connu, quant \u00e0 lui, un net recul avec 1.982.323 tonnes durant les six premiers mois de cette ann\u00e9e contre 2.073.771 tonnes durant la m\u00eame p\u00e9riode de l\u2019ann\u00e9e d\u2019avant.<\/p>\n<hr>\n<p><span style=\"color: #000000;\"><strong>Lire aussi:<\/strong><\/span>\u00a0<a href=\"http:\/\/www.aps.dz\/economie\/82701-port-d-oran-premier-chargement-de-rond-a-beton-algerien-destine-a-l-exportation\">Port d&rsquo;Oran : premier chargement de rond \u00e0 b\u00e9ton alg\u00e9rien destin\u00e9 \u00e0 l&rsquo;exportation<\/a><\/p>\n<hr>\n<p>Le volume des marchandises liquides est pass\u00e9 de plus de 123.000 tonnes au premier semestre 2018 \u00e0 168.000 tonnes le premier semestre de cette ann\u00e9e.<\/p>\n<p>Par ailleurs, le volume des marchandises diverses a augment\u00e9 de 20 % passant de 1,798 million de tonnes (premier semestre 2018) \u00e0 2.830.590 tonnes (premier semestre 2019), selon l\u2019EPO.<\/p>\n<p>S\u2019agissant du trafic des voyageurs, une baisse de plus de 63.000 passagers a \u00e9t\u00e9 enregistr\u00e9e puisqu\u2019ils n\u2019\u00e9taient que 52.557 passagers recens\u00e9s au premier semestre 2019.<\/p>\n<\/div>\n<\/div>\n<p>Auteur:<br \/>\n<a href=\"http:\/\/www.aps.dz\/regions\/94743-port-d-oran-5-millions-de-tonnes-de-marchandises-traitees-le-premier-semestre-2019\">Cliquez ici pour lire l&rsquo;article depuis sa source.<\/a><\/p>\n","protected":false},"excerpt":{"rendered":"<p>ORAN- Le volume des marchandises trait\u00e9es au niveau du port d\u2019Oran durant le premier semestre de l\u2019ann\u00e9e en cours a atteint 5 millions de tonnes soit une hausse de 20 %, a-t-on appris aupr\u00e8s de cette entreprise portuaire. Le volume des marchandises trait\u00e9es au niveau du port d\u2019Oran est pass\u00e9 de 4 millions au premier [&hellip;]<\/p>\n","protected":false},"author":1790,"featured_media":62053,"comment_status":"closed","ping_status":"closed","sticky":false,"template":"","format":"standard","meta":{"fifu_image_url":"","fifu_image_alt":"","footnotes":""},"categories":[53,76],"tags":[],"class_list":["post-62052","post","type-post","status-publish","format-standard","has-post-thumbnail","hentry","category-algerie","category-regions"],"_links":{"self":[{"href":"https:\/\/linitiative.ca\/International\/wp-json\/wp\/v2\/posts\/62052","targetHints":{"allow":["GET"]}}],"collection":[{"href":"https:\/\/linitiative.ca\/International\/wp-json\/wp\/v2\/posts"}],"about":[{"href":"https:\/\/linitiative.ca\/International\/wp-json\/wp\/v2\/types\/post"}],"author":[{"embeddable":true,"href":"https:\/\/linitiative.ca\/International\/wp-json\/wp\/v2\/users\/1790"}],"replies":[{"embeddable":true,"href":"https:\/\/linitiative.ca\/International\/wp-json\/wp\/v2\/comments?post=62052"}],"version-history":[{"count":0,"href":"https:\/\/linitiative.ca\/International\/wp-json\/wp\/v2\/posts\/62052\/revisions"}],"wp:featuredmedia":[{"embeddable":true,"href":"https:\/\/linitiative.ca\/International\/wp-json\/"}],"wp:attachment":[{"href":"https:\/\/linitiative.ca\/International\/wp-json\/wp\/v2\/media?parent=62052"}],"wp:term":[{"taxonomy":"category","embeddable":true,"href":"https:\/\/linitiative.ca\/International\/wp-json\/wp\/v2\/categories?post=62052"},{"taxonomy":"post_tag","embeddable":true,"href":"https:\/\/linitiative.ca\/International\/wp-json\/wp\/v2\/tags?post=62052"}],"curies":[{"name":"wp","href":"https:\/\/api.w.org\/{rel}","templated":true}]}}