{"id":62057,"date":"2019-09-23T05:20:00","date_gmt":"2019-09-23T09:20:00","guid":{"rendered":"https:\/\/linitiative.ca\/International\/premier-semestre-en-hausse-pour-wafa-assurance\/"},"modified":"2019-09-23T05:20:00","modified_gmt":"2019-09-23T09:20:00","slug":"premier-semestre-en-hausse-pour-wafa-assurance","status":"publish","type":"post","link":"https:\/\/linitiative.ca\/International\/premier-semestre-en-hausse-pour-wafa-assurance\/","title":{"rendered":"Premier semestre en hausse pour Wafa Assurance"},"content":{"rendered":"<p class=\"rtejustify\">Hausse des r\u00e9sultats semestriels de Wafa Assurance. La compagnie d\u2019assurance r\u00e9alise un chiffre d\u2019affaires en augmentation de plus de 3% \u00e0 pr\u00e8s de 4,7 milliards de DH. Cette performance englobe une importante progression (13,3%) de la branche Non-Vie et une baisse de 5,8% de l\u2019activit\u00e9 Vie. Le r\u00e9sultat net s\u2019est lui aussi appr\u00e9ci\u00e9 de 3,7% \u00e0 431 millions de DH gr\u00e2ce \u00e0 l\u2019am\u00e9lioration des indicateurs techniques. La compagnie parvient ainsi \u00e0 maintenir sa position de leader.<\/p>\n<p class=\"rtejustify\"><em>M.A.B.<\/em><\/p>\n<p>Auteur: hlafriqi<br \/>\n<a href=\"https:\/\/www.leconomiste.com\/article\/1050499-premier-semestre-en-hausse-pour-wafa-assurance\">Cliquez ici pour lire l&rsquo;article depuis sa source.<\/a><\/p>\n","protected":false},"excerpt":{"rendered":"<p>Hausse des r\u00e9sultats semestriels de Wafa Assurance. La compagnie d\u2019assurance r\u00e9alise un chiffre d\u2019affaires en augmentation de plus de 3% \u00e0 pr\u00e8s de 4,7 milliards de DH. Cette performance englobe une importante progression (13,3%) de la branche Non-Vie et une baisse de 5,8% de l\u2019activit\u00e9 Vie. Le r\u00e9sultat net s\u2019est lui aussi appr\u00e9ci\u00e9 de 3,7% [&hellip;]<\/p>\n","protected":false},"author":1763,"featured_media":0,"comment_status":"closed","ping_status":"closed","sticky":false,"template":"","format":"standard","meta":{"fifu_image_url":"","fifu_image_alt":"","footnotes":""},"categories":[78,54],"tags":[],"class_list":["post-62057","post","type-post","status-publish","format-standard","hentry","category-economie","category-maroc"],"_links":{"self":[{"href":"https:\/\/linitiative.ca\/International\/wp-json\/wp\/v2\/posts\/62057","targetHints":{"allow":["GET"]}}],"collection":[{"href":"https:\/\/linitiative.ca\/International\/wp-json\/wp\/v2\/posts"}],"about":[{"href":"https:\/\/linitiative.ca\/International\/wp-json\/wp\/v2\/types\/post"}],"author":[{"embeddable":true,"href":"https:\/\/linitiative.ca\/International\/wp-json\/wp\/v2\/users\/1763"}],"replies":[{"embeddable":true,"href":"https:\/\/linitiative.ca\/International\/wp-json\/wp\/v2\/comments?post=62057"}],"version-history":[{"count":0,"href":"https:\/\/linitiative.ca\/International\/wp-json\/wp\/v2\/posts\/62057\/revisions"}],"wp:attachment":[{"href":"https:\/\/linitiative.ca\/International\/wp-json\/wp\/v2\/media?parent=62057"}],"wp:term":[{"taxonomy":"category","embeddable":true,"href":"https:\/\/linitiative.ca\/International\/wp-json\/wp\/v2\/categories?post=62057"},{"taxonomy":"post_tag","embeddable":true,"href":"https:\/\/linitiative.ca\/International\/wp-json\/wp\/v2\/tags?post=62057"}],"curies":[{"name":"wp","href":"https:\/\/api.w.org\/{rel}","templated":true}]}}