{"id":62062,"date":"2019-09-23T15:14:26","date_gmt":"2019-09-23T19:14:26","guid":{"rendered":"https:\/\/linitiative.ca\/International\/equipe-dalgerie-bouchar-risque-detre-banni-definitivement\/"},"modified":"2019-09-23T15:14:26","modified_gmt":"2019-09-23T19:14:26","slug":"equipe-dalgerie-bouchar-risque-detre-banni-definitivement","status":"publish","type":"post","link":"https:\/\/linitiative.ca\/International\/equipe-dalgerie-bouchar-risque-detre-banni-definitivement\/","title":{"rendered":"Equipe d&rsquo;Alg\u00e9rie : Bouchar risque d\u2019\u00eatre banni d\u00e9finitivement"},"content":{"rendered":"<div readability=\"32\">\n<p>Auteur : <span>Hamza R.<\/span> <span class=\"time\">lundi 23 septembre 2019 11:54<\/span><\/p>\n<\/div>\n<div id=\"post_core\" readability=\"88\">\n<p>Le d\u00e9fenseur du Chabab de Belouizdad, Sofiane Bouchar se trouve r\u00e9ellement dans de sales draps, apr\u00e8s avoir quitt\u00e9 pr\u00e9cipitamment le stage de la s\u00e9lection nationale A\u2019, avant m\u00eame le match. En regroupement avec les locaux, l\u2019ancien S\u00e9tifien a quitt\u00e9 le centre technique de Sidi-Moussa, samedi, soit le jour du match, peu avant le d\u00e9part de l\u2019\u00e9quipe vers le stade Mustapha-Tchaker afin d\u2019y affronter les Marocains pour le compte des \u00e9liminatoires du championnat d\u2019Afrique des nations 2020. Le joueur avait donn\u00e9, comme argument, la maladie de sa m\u00e8re. Or, dans les rouages de la f\u00e9d\u00e9ration, on chuchote que le joueur a d\u00e9cid\u00e9 de quitter le stage des Verts, apr\u00e8s avoir appris qu\u2019il n\u2019\u00e9tait pas retenu ni parmi le onze ni sur le banc de touche. Notre source affirme que le joueur a refus\u00e9 d\u2019aller \u00e0 la tribune pour suivre le match, contrairement \u00e0 Toufik Addadi, qui est en excellente forme et qui fait les beaux jours de la JSK en ce d\u00e9but de saison. Apr\u00e8s le match et une fois que l\u2019information s\u2019est propag\u00e9e, le joueur s\u2019est confi\u00e9 au micro d\u2019El Heddaf TV o\u00f9 il a ni\u00e9 en bloc ce qui a \u00e9t\u00e9 dit : \u00ab Inutile de vous dire que j\u2019ai \u00e9t\u00e9 choqu\u00e9 par ce qui a \u00e9t\u00e9 dit \u00e0 mon sujet comme quoi j\u2019ai quitt\u00e9 le stage apr\u00e8s ma non-titularisation. C\u2019est compl\u00e8tement faux ! Je tiens \u00e0 dire que j\u2019ai quitt\u00e9 le stage jeudi dernier en raison d\u2019un souci familial puisque ma m\u00e8re est malade. J\u2019ai discut\u00e9 avec le s\u00e9lectionneur Batelli qui m\u2019a autoris\u00e9 \u00e0 partir et il est bel et bien au courant. Du coup, tout ce qui a \u00e9t\u00e9 dit est faux. J\u2019ai attendu longtemps cette s\u00e9lection. C\u2019est donc insens\u00e9 de ma part de quitter le stage sans raison. J\u2019ai toujours respect\u00e9 les d\u00e9cisions des entra\u00eeneurs et je ne suis pas un joueur \u00e0 probl\u00e8mes \u00bb.<\/p>\n<p><strong>Batelli a d\u00e9j\u00e0 mis une croix rouge<\/strong><br \/>Mais quelques minutes plus tard apr\u00e8s cette d\u00e9claration du joueur o\u00f9 il a ni\u00e9 tout ce qui a \u00e9t\u00e9 dit \u00e0 son encontre, c\u2019\u00e9tait le moment du d\u00e9but de la conf\u00e9rence de presse du s\u00e9lectionneur national des A\u2019, le Fran\u00e7ais Ludovic Batelli. Les propos de ce dernier ont tout simplement prouv\u00e9 le contraire. Il a carr\u00e9ment enfonc\u00e9 le joueur et a confirm\u00e9 la th\u00e8se qui a circul\u00e9 \u00e0 la f\u00e9d\u00e9ration. Il a d\u00e9clar\u00e9 : \u00ab J\u2019ai donn\u00e9 ma d\u00e9cision. Le joueur a d\u00e9cid\u00e9 de quitter le stage de son propre gr\u00e9. Pour moi, il n\u2019y remettra plus jamais les pieds. Je ne vais pas en dire plus car ce n\u2019est pas dans mes pr\u00e9rogatives de prendre d\u2019autres d\u00e9cisions concernant le joueur. Il ne fera plus partie de l\u2019\u00e9quipe et \u00e7a s\u2019arr\u00eate l\u00e0 ! \u00bb. Autrement dit, cette d\u00e9claration d\u00e9montre que Ludovic Batelli a d\u00e9j\u00e0 pris sa d\u00e9cision concernant Sofiane Bouchar, \u00e0 savoir ne plus le convoquer en s\u00e9lection.<\/p>\n<p><strong>La FAF ne compte pas taire son comportement<\/strong><br \/>De son c\u00f4t\u00e9, la f\u00e9d\u00e9ration n\u2019a pas encore r\u00e9agi de mani\u00e8re officielle concernant cette affaire Bouchar, mais compte prendre les d\u00e9cisions qui s\u2019imposent, dans le but de bannir ce genre de comportement \u00e0 l\u2019avenir. A la FAF, on va tout simplement se servir de cette affaire Bouchar pour montrer l\u2019exemple aux autres, afin que ce genre d\u2019incident ne se reproduise plus \u00e0 l\u2019avenir et assurer, du coup, la s\u00e9r\u00e9nit\u00e9 au sein de toutes les s\u00e9lections nationales. D\u00e9j\u00e0, la commission de discipline de la FAF sera saisie prochainement sur ce dossier par un rapport d\u00e9taill\u00e9 sur ce qui s\u2019est pass\u00e9 au CTN. Le joueur sera convoqu\u00e9 pour s\u2019expliquer et devrait \u00e9coper d\u2019une suspension de quatre matchs fermes en club, sans oublier d\u2019autres sanctions.<\/p>\n<p><strong>Il pourrait ne plus figurer en s\u00e9lection<\/strong><br \/>Par ailleurs, on ignore jusqu\u2019\u00e0 pr\u00e9sent si le joueur sera rappel\u00e9 prochainement une fois que Ludovic Batelli ne sera plus en poste car avec le Fran\u00e7ais, les portes sont d\u00e9j\u00e0 ferm\u00e9s pour le Belouizdadi. Une source proche de la f\u00e9d\u00e9ration nous a fait savoir que le joueur risque de se retrouver compl\u00e8tement dans la liste noire et, du coup, banni d\u00e9finitivement de la s\u00e9lection. En tout cas, il faudra s\u2019attendre \u00e0 des rebondissements dans cette affaire, dans les tout prochains jours.<\/p>\n<p><strong>Publi\u00e9 dans :<\/strong> <span>Bouchar<\/span> <span>Addadi<\/span> <span>Batelli<\/span><\/p>\n<\/div>\n<p>Auteur:<br \/>\n<a href=\"http:\/\/www.lebuteur.com\/article\/detail?titre=bouchar-risque-detre-banni-definitivement&#038;id=91855&#038;utm_source=feedburner&#038;utm_medium=feed&#038;utm_campaign=Feed%3A+GalerieFArtciles+%28Les+derniers+articles++-+lebuteur.com%29\">Cliquez ici pour lire l&rsquo;article depuis sa source.<\/a><\/p>\n","protected":false},"excerpt":{"rendered":"<p>Auteur : Hamza R. lundi 23 septembre 2019 11:54 Le d\u00e9fenseur du Chabab de Belouizdad, Sofiane Bouchar se trouve r\u00e9ellement dans de sales draps, apr\u00e8s avoir quitt\u00e9 pr\u00e9cipitamment le stage de la s\u00e9lection nationale A\u2019, avant m\u00eame le match. En regroupement avec les locaux, l\u2019ancien S\u00e9tifien a quitt\u00e9 le centre technique de Sidi-Moussa, samedi, soit [&hellip;]<\/p>\n","protected":false},"author":1738,"featured_media":62063,"comment_status":"closed","ping_status":"closed","sticky":false,"template":"","format":"standard","meta":{"fifu_image_url":"","fifu_image_alt":"","footnotes":""},"categories":[53,75],"tags":[],"class_list":["post-62062","post","type-post","status-publish","format-standard","has-post-thumbnail","hentry","category-algerie","category-sport"],"_links":{"self":[{"href":"https:\/\/linitiative.ca\/International\/wp-json\/wp\/v2\/posts\/62062","targetHints":{"allow":["GET"]}}],"collection":[{"href":"https:\/\/linitiative.ca\/International\/wp-json\/wp\/v2\/posts"}],"about":[{"href":"https:\/\/linitiative.ca\/International\/wp-json\/wp\/v2\/types\/post"}],"author":[{"embeddable":true,"href":"https:\/\/linitiative.ca\/International\/wp-json\/wp\/v2\/users\/1738"}],"replies":[{"embeddable":true,"href":"https:\/\/linitiative.ca\/International\/wp-json\/wp\/v2\/comments?post=62062"}],"version-history":[{"count":0,"href":"https:\/\/linitiative.ca\/International\/wp-json\/wp\/v2\/posts\/62062\/revisions"}],"wp:featuredmedia":[{"embeddable":true,"href":"https:\/\/linitiative.ca\/International\/wp-json\/"}],"wp:attachment":[{"href":"https:\/\/linitiative.ca\/International\/wp-json\/wp\/v2\/media?parent=62062"}],"wp:term":[{"taxonomy":"category","embeddable":true,"href":"https:\/\/linitiative.ca\/International\/wp-json\/wp\/v2\/categories?post=62062"},{"taxonomy":"post_tag","embeddable":true,"href":"https:\/\/linitiative.ca\/International\/wp-json\/wp\/v2\/tags?post=62062"}],"curies":[{"name":"wp","href":"https:\/\/api.w.org\/{rel}","templated":true}]}}