{"id":62064,"date":"2019-09-23T15:14:28","date_gmt":"2019-09-23T19:14:28","guid":{"rendered":"https:\/\/linitiative.ca\/International\/equipe-dalgerie-guecha-tape-dans-loeil-de-belmadi\/"},"modified":"2019-09-23T15:14:28","modified_gmt":"2019-09-23T19:14:28","slug":"equipe-dalgerie-guecha-tape-dans-loeil-de-belmadi","status":"publish","type":"post","link":"https:\/\/linitiative.ca\/International\/equipe-dalgerie-guecha-tape-dans-loeil-de-belmadi\/","title":{"rendered":"Equipe d&rsquo;Alg\u00e9rie : Guecha tape dans l\u2019\u0153il de Belmadi"},"content":{"rendered":"<div readability=\"32\">\n<p>Auteur : <span>Sa\u00efd Fellak<\/span> <span class=\"time\">lundi 23 septembre 2019 11:54<\/span><\/p>\n<\/div>\n<div id=\"post_core\" readability=\"103\">\n<p>La s\u00e9lection nationale des locaux s\u2019est content\u00e9e avant-hier soir d\u2019un triste match nul (0-0) lors du match aller disput\u00e9 au stade Mustapha-Tchaker de Blida pour le compte des \u00e9liminatoires du CHAN 2020. La prestation de la bande \u00e0 Ludovic Batelli fut assez terne face \u00e0 une \u00e9quipe marocaine bien en place tactiquement et qui est venue surtout d\u00e9fendre cet acquis du match nul. Si en premi\u00e8re p\u00e9riode, on a eu droit \u00e0 deux ou trois belles occasions de la part des Verts, en seconde mi-temps, on s\u2019est litt\u00e9ralement ennuy\u00e9s. Cependant, un joueur a fait parler de lui durant ce match, il s\u2019agit du soci\u00e9taire de l\u2019ES S\u00e9tif, Houssam Guecha, qui a r\u00e9alis\u00e9 une tr\u00e8s belle prestation sur le plan personnel et aurait m\u00e9rit\u00e9 sans doute de marquer. Pr\u00e9sent dans la tribune officielle, le s\u00e9lectionneur national, Djamel Belmadi, a suivi avec attention cette partie et a \u00e9t\u00e9 comme tous les pr\u00e9sents dans le stade s\u00e9duit par les prestations de l\u2019ancien joueur de l\u2019USMB. Selon nos informations, le coach national a mis dans son petit calepin le nom de Guecha et il est clair que si celui-ci continue \u00e0 aligner les m\u00eames prestations au cours des semaines \u00e0 venir, il finira par avoir sa chance et \u00eatre convoqu\u00e9 avec l\u2019EN A, m\u00eame si \u00e9videmment dans son secteur de jeu, la concurrence y est tr\u00e8s rude.<\/p>\n<p><strong>Le meilleur joueur c\u00f4t\u00e9 alg\u00e9rien<\/strong><br \/>Incontestablement, Houssam Guecha a \u00e9t\u00e9 le meilleur joueur c\u00f4t\u00e9 alg\u00e9rien durant ce match face au Maroc. Tr\u00e8s dou\u00e9 techniquement, il a souvent su comment faire la diff\u00e9rence sur son c\u00f4t\u00e9 droit, mais \u00e0 chaque fois, il manquait de soutien pour concr\u00e9tiser ses actions. Un Amir Sayoud compl\u00e9tement transparent n\u2019est pas parvenu \u00e0 lui apporter l\u2019aide voulue. En seconde mi-temps, le s\u00e9lectionneur du Maroc, Hussein Ammouta, a d\u00fb mettre deux joueurs sur le jeune international alg\u00e9rien de 23 ans afin de le stopper. Cela a pouss\u00e9 Ludovic Batelli \u00e0 demander au lat\u00e9ral droit, \u00e0 savoir Hocine Benayada, de montrer consid\u00e9rablement vers l\u2019avant afin d\u2019apporter le surnombre. Alors qu\u2019il arrivera en fin de contrat \u00e0 l\u2019issue de cette saison, Houssam Guecha sera assur\u00e9ment la grande attraction du prochain mercato estival.<br \/>\u00a0<\/p>\n<p><strong>Guecha : \u00abTout faire pour gagner sa confiance\u00bb<\/strong><br \/><strong>Quel commentaire faites-vous sur ce match nul (0-0) enregistr\u00e9 face au Maroc ?<\/strong><br \/>Je pense qu\u2019on a assist\u00e9 \u00e0 un match assez compliqu\u00e9 pour les deux \u00e9quipes. On a tout donn\u00e9 sur le terrain, mais on a manqu\u00e9 de r\u00e9alisme et de chance surtout. On doit s\u2019appuyer sur les acquis obtenus durant ce match pour pr\u00e9parer celui du retour, en esp\u00e9rant pouvoir ramener la qualification \u00e0 la maison.<\/p>\n<p><strong>Ne pensez-vous pas qu\u2019avec ce r\u00e9sultat nul, les chances de qualification de notre s\u00e9lection nationale s\u2019amenuisent consid\u00e9rablement ?<\/strong><br \/>La qualification pour le CHAN se joue sur deux mi-temps. On a jou\u00e9 la premi\u00e8re ici et m\u00eame si le r\u00e9sultat n\u2019est pas celui qu\u2019on esp\u00e9rait, il reste encore une autre mi-temps \u00e0 jouer au Maroc le mois prochain. J\u2019estime que les chances de qualification restent toujours intactes. On va pr\u00e9parer le match retour sereinement et on t\u00e2chera d\u2019aller d\u00e9crocher un bon r\u00e9sultat au Maroc, m\u00eame si \u00e7a ne va pas \u00eatre facile. Aujourd\u2019hui, on a prouv\u00e9 qu\u2019on a un groupe qui a son mot \u00e0 dire.<\/p>\n<p><strong>La s\u00e9lection nationale ne s\u2019est pas r\u00e9ellement procur\u00e9 d\u2019occasions de buts, mais malgr\u00e9 cela vous \u00e9tiez l\u2019un des meilleurs joueurs du match. Un commentaire ?<\/strong><br \/>Il faut savoir que l\u2019\u00e9quipe du Maroc \u00e9tait bien organis\u00e9e sur le terrain. Il n\u2019y avait pas beaucoup d\u2019espaces. On a essay\u00e9 de faire le jeu du mieux qu\u2019on pouvait, mais ce n\u2019\u00e9tait pas facile. Je pense qu\u2019avec le travail du coach lors du prochain stage, on sera meilleurs et on parviendra \u00e0 trouver les solutions pour ce match retour.<\/p>\n<p><strong>Et vous pensez que l\u2019EN peut cr\u00e9er la surprise au Maroc ?<\/strong><br \/>Oui, bien s\u00fbr. Avec la volont\u00e9 et le travail, on peut cr\u00e9er l\u2019\u00e9v\u00e8nement au Maroc. On fera tout pour revenir avec la qualification.<\/p>\n<p><strong>Le s\u00e9lectionneur national, Djamel Belmadi, \u00e9tait pr\u00e9sent dans les tribunes ce soir. On imagine que vous avez gagn\u00e9 des points apr\u00e8s votre belle prestation\u2026<\/strong><br \/>N\u2019importe quel joueur ambitionne d\u2019\u00eatre retenu avec les A. Je travaille dur pour atteindre cet objectif. J\u2019esp\u00e8re vraiment b\u00e9n\u00e9ficier d\u2019une chance \u00e0 l\u2019avenir, mais je dois encore prouver et progresser. Je vais travailler avec mon club de S\u00e9tif et l\u2019\u00e9quipe nationale A\u2019 pour gagner la confiance de Belmadi.<\/p>\n<p><strong>Publi\u00e9 dans :<\/strong> <span>Belmadi<\/span> <span>Sayoud<\/span> <span>Guecha<\/span><\/p>\n<\/div>\n<p>Auteur:<br \/>\n<a href=\"http:\/\/www.lebuteur.com\/article\/detail?titre=guecha-tape-dans-loeil-de-belmadi&#038;id=91854&#038;utm_source=feedburner&#038;utm_medium=feed&#038;utm_campaign=Feed%3A+GalerieFArtciles+%28Les+derniers+articles++-+lebuteur.com%29\">Cliquez ici pour lire l&rsquo;article depuis sa source.<\/a><\/p>\n","protected":false},"excerpt":{"rendered":"<p>Auteur : Sa\u00efd Fellak lundi 23 septembre 2019 11:54 La s\u00e9lection nationale des locaux s\u2019est content\u00e9e avant-hier soir d\u2019un triste match nul (0-0) lors du match aller disput\u00e9 au stade Mustapha-Tchaker de Blida pour le compte des \u00e9liminatoires du CHAN 2020. La prestation de la bande \u00e0 Ludovic Batelli fut assez terne face \u00e0 une [&hellip;]<\/p>\n","protected":false},"author":1738,"featured_media":62065,"comment_status":"closed","ping_status":"closed","sticky":false,"template":"","format":"standard","meta":{"fifu_image_url":"","fifu_image_alt":"","footnotes":""},"categories":[53,75],"tags":[],"class_list":["post-62064","post","type-post","status-publish","format-standard","has-post-thumbnail","hentry","category-algerie","category-sport"],"_links":{"self":[{"href":"https:\/\/linitiative.ca\/International\/wp-json\/wp\/v2\/posts\/62064","targetHints":{"allow":["GET"]}}],"collection":[{"href":"https:\/\/linitiative.ca\/International\/wp-json\/wp\/v2\/posts"}],"about":[{"href":"https:\/\/linitiative.ca\/International\/wp-json\/wp\/v2\/types\/post"}],"author":[{"embeddable":true,"href":"https:\/\/linitiative.ca\/International\/wp-json\/wp\/v2\/users\/1738"}],"replies":[{"embeddable":true,"href":"https:\/\/linitiative.ca\/International\/wp-json\/wp\/v2\/comments?post=62064"}],"version-history":[{"count":0,"href":"https:\/\/linitiative.ca\/International\/wp-json\/wp\/v2\/posts\/62064\/revisions"}],"wp:featuredmedia":[{"embeddable":true,"href":"https:\/\/linitiative.ca\/International\/wp-json\/"}],"wp:attachment":[{"href":"https:\/\/linitiative.ca\/International\/wp-json\/wp\/v2\/media?parent=62064"}],"wp:term":[{"taxonomy":"category","embeddable":true,"href":"https:\/\/linitiative.ca\/International\/wp-json\/wp\/v2\/categories?post=62064"},{"taxonomy":"post_tag","embeddable":true,"href":"https:\/\/linitiative.ca\/International\/wp-json\/wp\/v2\/tags?post=62064"}],"curies":[{"name":"wp","href":"https:\/\/api.w.org\/{rel}","templated":true}]}}