{"id":62070,"date":"2019-09-23T15:14:31","date_gmt":"2019-09-23T19:14:31","guid":{"rendered":"https:\/\/linitiative.ca\/International\/pros-nice-ounas-mon-passage-a-naples-na-pas-ete-un-echec\/"},"modified":"2019-09-23T15:14:31","modified_gmt":"2019-09-23T19:14:31","slug":"pros-nice-ounas-mon-passage-a-naples-na-pas-ete-un-echec","status":"publish","type":"post","link":"https:\/\/linitiative.ca\/International\/pros-nice-ounas-mon-passage-a-naples-na-pas-ete-un-echec\/","title":{"rendered":"Pros : Nice &#8211; Ounas : \u00ab\u00a0Mon passage \u00e0 Naples n&rsquo;a pas \u00e9t\u00e9 un \u00e9chec\u00a0\u00bb"},"content":{"rendered":"<div readability=\"32\">\n<p>Auteur : <span class=\"time\">lundi 23 septembre 2019 14:22<\/span><\/p>\n<\/div>\n<div id=\"post_core\" readability=\"44\">\n<p>Adam Ounas consid\u00e8re qu&rsquo;il a gagn\u00e9 en maturit\u00e9 gr\u00e2ce \u00e0 son transfert \u00e0 Naples depuis Bordeaux :<\/p>\n<p>\u00ab\u00a0\u00c7a n\u2019a pas \u00e9t\u00e9 du tout un \u00e9chec parce que quand tu vas dans un club comme \u00e7a, tu t\u2019entra\u00eenes avec des joueurs de classe mondiale toute l\u2019ann\u00e9e, voire m\u00eame plus. \u00c7a ne te fait pas perdre de temps, tu en gagnes, surtout moi individuellement et tactiquement. J\u2019ai beaucoup appris avec Sarri la premi\u00e8re ann\u00e9e, et j\u2019ai eu un peu plus de temps de jeu avec Ancelotti la seconde. Je pense que \u00e7a n\u2019a pas du tout \u00e9t\u00e9 un \u00e9chec. \u00c7a a \u00e9t\u00e9 un plus pour moi parce que je devais m\u2019am\u00e9liorer d\u00e9fensivement et tactiquement, et je pense que l\u2019Italie m\u2019a fait progresser; je suis plus mature qu\u2019avant\u00a0\u00bb. Des propos relay\u00e9s par Girondins4ever.<\/p>\n<p><strong>Publi\u00e9 dans :<\/strong> <span>Nice<\/span><\/p>\n<\/div>\n<p>Auteur:<br \/>\n<a href=\"http:\/\/www.lebuteur.com\/article\/detail?titre=nice-ounas-mon-passage-a-naples-na-pas-ete-un-echec&#038;id=91867&#038;utm_source=feedburner&#038;utm_medium=feed&#038;utm_campaign=Feed%3A+GalerieFArtciles+%28Les+derniers+articles++-+lebuteur.com%29\">Cliquez ici pour lire l&rsquo;article depuis sa source.<\/a><\/p>\n","protected":false},"excerpt":{"rendered":"<p>Auteur : lundi 23 septembre 2019 14:22 Adam Ounas consid\u00e8re qu&rsquo;il a gagn\u00e9 en maturit\u00e9 gr\u00e2ce \u00e0 son transfert \u00e0 Naples depuis Bordeaux : \u00ab\u00a0\u00c7a n\u2019a pas \u00e9t\u00e9 du tout un \u00e9chec parce que quand tu vas dans un club comme \u00e7a, tu t\u2019entra\u00eenes avec des joueurs de classe mondiale toute l\u2019ann\u00e9e, voire m\u00eame plus. [&hellip;]<\/p>\n","protected":false},"author":1738,"featured_media":62071,"comment_status":"closed","ping_status":"closed","sticky":false,"template":"","format":"standard","meta":{"fifu_image_url":"","fifu_image_alt":"","footnotes":""},"categories":[53,75],"tags":[],"class_list":["post-62070","post","type-post","status-publish","format-standard","has-post-thumbnail","hentry","category-algerie","category-sport"],"_links":{"self":[{"href":"https:\/\/linitiative.ca\/International\/wp-json\/wp\/v2\/posts\/62070","targetHints":{"allow":["GET"]}}],"collection":[{"href":"https:\/\/linitiative.ca\/International\/wp-json\/wp\/v2\/posts"}],"about":[{"href":"https:\/\/linitiative.ca\/International\/wp-json\/wp\/v2\/types\/post"}],"author":[{"embeddable":true,"href":"https:\/\/linitiative.ca\/International\/wp-json\/wp\/v2\/users\/1738"}],"replies":[{"embeddable":true,"href":"https:\/\/linitiative.ca\/International\/wp-json\/wp\/v2\/comments?post=62070"}],"version-history":[{"count":0,"href":"https:\/\/linitiative.ca\/International\/wp-json\/wp\/v2\/posts\/62070\/revisions"}],"wp:featuredmedia":[{"embeddable":true,"href":"https:\/\/linitiative.ca\/International\/wp-json\/"}],"wp:attachment":[{"href":"https:\/\/linitiative.ca\/International\/wp-json\/wp\/v2\/media?parent=62070"}],"wp:term":[{"taxonomy":"category","embeddable":true,"href":"https:\/\/linitiative.ca\/International\/wp-json\/wp\/v2\/categories?post=62070"},{"taxonomy":"post_tag","embeddable":true,"href":"https:\/\/linitiative.ca\/International\/wp-json\/wp\/v2\/tags?post=62070"}],"curies":[{"name":"wp","href":"https:\/\/api.w.org\/{rel}","templated":true}]}}