{"id":62072,"date":"2019-09-22T20:00:00","date_gmt":"2019-09-23T00:00:00","guid":{"rendered":"https:\/\/linitiative.ca\/International\/syndicat-national-des-magistrats-amendement-imperatif-et-immediat-du-cadre-juridique\/"},"modified":"2019-09-22T20:00:00","modified_gmt":"2019-09-23T00:00:00","slug":"syndicat-national-des-magistrats-amendement-imperatif-et-immediat-du-cadre-juridique","status":"publish","type":"post","link":"https:\/\/linitiative.ca\/International\/syndicat-national-des-magistrats-amendement-imperatif-et-immediat-du-cadre-juridique\/","title":{"rendered":"Syndicat national des magistrats : Amendement imp\u00e9ratif et imm\u00e9diat du cadre juridique"},"content":{"rendered":"<p>Le Syndicat national des magistrats (SNM) a mis en avant, samedi depuis Tipaza, l&rsquo;imp\u00e9ratif amendement \u00abimm\u00e9diat\u00bb du cadre juridique r\u00e9gissant le pouvoir judiciaire afin de \u00abmettre un terme \u00e0 l&rsquo;h\u00e9g\u00e9monie du pouvoir ex\u00e9cutif\u00bb.<br \/>Dans un communiqu\u00e9 final sanctionnant les travaux de la premi\u00e8re session du Conseil national du SNM, sign\u00e9 par son pr\u00e9sident, Issa\u00e2d Mabrouk, les participant ont critiqu\u00e9 \u00ables textes en vigueur\u00bb r\u00e9gissant le secteur de la Justice, estimant qu&rsquo;ils \u00abconsacrent l&rsquo;h\u00e9g\u00e9monie du pouvoir ex\u00e9cutif sur la Justice, et que refl\u00e8te clairement le Statut de la magistrature et la loi organique fixant la composition, le fonctionnement et les attributions du Conseil sup\u00e9rieur de magistrature\u00bb.<br \/>\u00abContrairement \u00e0 ce qui est propag\u00e9 au sein de l&rsquo;opinion publique, le cadre juridique r\u00e9gissant l&rsquo;action du pouvoir judiciaire n&rsquo;a de cesse d\u2019emp\u00eacher l&rsquo;instauration de l&rsquo;Etat de droit, qui est une revendication populaire et \u00e9litiste pressante\u00bb, affirme le communiqu\u00e9.<br \/>\u00abLa cons\u00e9cration de l&rsquo;ind\u00e9pendance effective de la Magistrature passe par la concr\u00e9tisation de deux points, le premier concerne l&rsquo;amendement imm\u00e9diat du cadre juridique relatif au pouvoir judiciaire\u00bb, ajout\u00e9 le SNM qui indique, \u00e0 ce propos, \u00abavoir entam\u00e9 la pr\u00e9paration de projets de loi r\u00e9gissant l&rsquo;action de la magistrature, en axant ces amendement sur la rupture avec les textes ouvrant la voie \u00e0 la violation de ses pr\u00e9rogatives au profit du pouvoir ex\u00e9cutif\u00bb.<br \/>\u00abLe second point \u00e0 trait \u00e0 la prise en charge imm\u00e9diate de la situation sociale et mat\u00e9rielle des magistrats, en leur offrant les conditions appropri\u00e9s garantissant leur dignit\u00e9 en ad\u00e9quation avec les missions sensibles qui leur incombent, les obligations qui leurs sont impos\u00e9s et les sacrifices qu&rsquo;ils consentent\u00bb, explique encore le SNM.<br \/>Dans leur communiqu\u00e9 final, les membres du SNM ont fait \u00e9tat de la d\u00e9cision \u00abunanime d&#8217;emprunter la voie de l&rsquo;escalade, suivant les m\u00e9thodes convenues, en tant que seul et unique moyen d&rsquo;imposer les exigences de l&rsquo;ind\u00e9pendance (de la magistrature) au plan juridique et mat\u00e9riel\u00bb, appelant \u00e0 l&rsquo;annonce, sans retard, du mouvement annuel du corps des magistrats.<br \/>En conclusion, le SNM a affich\u00e9 sa d\u00e9termination \u00e0 \u00abuser de tous les moyens juridiques face \u00e0 toute atteinte, quels qu&rsquo;en soient le type ou l&rsquo;origine, \u00e0 l&rsquo;appareil judiciaire ou \u00e0 ses membres\u00bb.<br \/>\u00a0<\/p>\n<p>Auteur: elmoudjahid<br \/>\n<a href=\"http:\/\/www.elmoudjahid.com\/fr\/actualites\/142331\">Cliquez ici pour lire l&rsquo;article depuis sa source.<\/a><\/p>\n","protected":false},"excerpt":{"rendered":"<p>Le Syndicat national des magistrats (SNM) a mis en avant, samedi depuis Tipaza, l&rsquo;imp\u00e9ratif amendement \u00abimm\u00e9diat\u00bb du cadre juridique r\u00e9gissant le pouvoir judiciaire afin de \u00abmettre un terme \u00e0 l&rsquo;h\u00e9g\u00e9monie du pouvoir ex\u00e9cutif\u00bb.Dans un communiqu\u00e9 final sanctionnant les travaux de la premi\u00e8re session du Conseil national du SNM, sign\u00e9 par son pr\u00e9sident, Issa\u00e2d Mabrouk, les [&hellip;]<\/p>\n","protected":false},"author":1744,"featured_media":0,"comment_status":"closed","ping_status":"closed","sticky":false,"template":"","format":"standard","meta":{"fifu_image_url":"","fifu_image_alt":"","footnotes":""},"categories":[73,53],"tags":[],"class_list":["post-62072","post","type-post","status-publish","format-standard","hentry","category-actualite","category-algerie"],"_links":{"self":[{"href":"https:\/\/linitiative.ca\/International\/wp-json\/wp\/v2\/posts\/62072","targetHints":{"allow":["GET"]}}],"collection":[{"href":"https:\/\/linitiative.ca\/International\/wp-json\/wp\/v2\/posts"}],"about":[{"href":"https:\/\/linitiative.ca\/International\/wp-json\/wp\/v2\/types\/post"}],"author":[{"embeddable":true,"href":"https:\/\/linitiative.ca\/International\/wp-json\/wp\/v2\/users\/1744"}],"replies":[{"embeddable":true,"href":"https:\/\/linitiative.ca\/International\/wp-json\/wp\/v2\/comments?post=62072"}],"version-history":[{"count":0,"href":"https:\/\/linitiative.ca\/International\/wp-json\/wp\/v2\/posts\/62072\/revisions"}],"wp:attachment":[{"href":"https:\/\/linitiative.ca\/International\/wp-json\/wp\/v2\/media?parent=62072"}],"wp:term":[{"taxonomy":"category","embeddable":true,"href":"https:\/\/linitiative.ca\/International\/wp-json\/wp\/v2\/categories?post=62072"},{"taxonomy":"post_tag","embeddable":true,"href":"https:\/\/linitiative.ca\/International\/wp-json\/wp\/v2\/tags?post=62072"}],"curies":[{"name":"wp","href":"https:\/\/api.w.org\/{rel}","templated":true}]}}