{"id":62074,"date":"2019-09-22T20:00:00","date_gmt":"2019-09-23T00:00:00","guid":{"rendered":"https:\/\/linitiative.ca\/International\/salima-souakri-signe-son-ouvrage-nous-ne-naissons-pas-champions-nous-le-devenons-avec-la-sueur-et-le-travail\/"},"modified":"2019-09-22T20:00:00","modified_gmt":"2019-09-23T00:00:00","slug":"salima-souakri-signe-son-ouvrage-nous-ne-naissons-pas-champions-nous-le-devenons-avec-la-sueur-et-le-travail","status":"publish","type":"post","link":"https:\/\/linitiative.ca\/International\/salima-souakri-signe-son-ouvrage-nous-ne-naissons-pas-champions-nous-le-devenons-avec-la-sueur-et-le-travail\/","title":{"rendered":"Salima Souakri signe son ouvrage :  \u00ab Nous ne naissons pas champions,  nous le devenons avec la sueur et le travail \u00bb"},"content":{"rendered":"<p>C&rsquo;est avec beaucoup d&rsquo;\u00e9motion que la judokate Salima Souakri a sign\u00e9 son ouvrage autobiographique baptis\u00e9 Ceinture noire, c\u0153ur blanc, du journaliste et \u00e9crivain Jaoudet Gassouma, et ce, \u00e0 l&rsquo;occasion d&rsquo;une vente-d\u00e9dicace, samedi dernier, \u00e0 la librairie L\u2019Arbre, \u00e0 Sidi Yahia, dans la commune de Hydra, devant un public venu assez nombreux.<br \/>Paru aux \u00e9ditions Al Bayzin, en 2018 \u00e0 l&rsquo;occasion de la 23e \u00e9dition du SILA, cet ouvrage, richement illustr\u00e9, retrace, sous la plume du journaliste-\u00e9crivain Jaoudet Gassouma, les multiples triomphes sportifs de Salima Souakri, mais \u00e9galement sa vie hors tatamis, avec ses hauts et ses bas. Apr\u00e8s avoir pr\u00e9sent\u00e9 quelques traits de caract\u00e8re et la personnalit\u00e9 de cette dame au \u00ab\u00a0fort charisme\u00a0\u00bb, sur la base de t\u00e9moignages de ceux ayant c\u00f4toy\u00e9 Salima Souakri, l&rsquo;auteur a \u00e9voqu\u00e9 la gloire d\u00e9croch\u00e9e par cette ancienne sportive depuis ses d\u00e9buts en judo, en 1983, \u00e0 l&rsquo;\u00e2ge de 9 ans, jusqu&rsquo;\u00e0 a fin de sa carri\u00e8re en 2008. Durant plus de 25 ann\u00e9es de pratique, elle a notamment remport\u00e9 12 titres de championne d&rsquo;Afrique et s&rsquo;est class\u00e9e \u00e0 trois reprises 5e aux jeux Olympiques (Barcelone-1992, Atlanta-1996 et Ath\u00e8nes-2004). Elle a \u00e9t\u00e9, en outre, m\u00e9daill\u00e9e d&rsquo;or aux Jeux m\u00e9diterran\u00e9ens en 2001 et m\u00e9daill\u00e9e d&rsquo;or au Grand Chelem Paris-Bercy en 2002. En 1992, Souakri a d\u00e9croch\u00e9, haut la main, la m\u00e9daille de bronze aux Championnats du monde juniors au Canada. \u00abNous ne naissons pas champions, nous le devenons avec la sueur et le travail\u00bb, \u00able judo a \u00e9t\u00e9 pour moi une v\u00e9ritable \u00e9cole de la vie\u00bb, a affirm\u00e9 Salima.<br \/>Dans son intervention \u00e0 l\u2019occasion de cette vente-d\u00e9dicace Salima affirme que \u00abcette \u00e9cole v\u00e9hicule beaucoup de valeurs qui se retrouvent dans le code moral de ce sport, c&rsquo;est-\u00e0-dire le courage, la pugnacit\u00e9, la sinc\u00e9rit\u00e9, le respect, l&rsquo;honneur, la volont\u00e9 farouche\u00bb. La d\u00e9tentrice du grade de 6e dan a racont\u00e9 avec \u00e9motion les moments \u00e9mouvants de sa vie\u2026 De la prime enfance, avec ses premiers combats dans la vie, \u00e0 son entame de la pratique de judo et ses combats sur les tatamis, caract\u00e9ris\u00e9s par la pers\u00e9v\u00e9rance et le courage, le parcours h\u00e9ro\u00efque de cette battante est retrac\u00e9 dans un r\u00e9cit autobiographique.\u00abJe suis ravie de la naissance de cet ouvrage qui illustre un peu mon v\u00e9cu sportif et particuli\u00e8rement en tant que femme sportive et qui repr\u00e9sente donc le sport f\u00e9minin\u00bb, a d\u00e9clar\u00e9 Salima. \u00abC\u2019\u00e9tait un long combat pour moi marqu\u00e9 par des \u00e9tapes tr\u00e8s int\u00e9ressantes. De mes premiers pas sur un tatami de judo quand j\u2019avais 9 ans, en 1984, jusqu\u2019\u00e0 la fin de ma carri\u00e8re en 2008\u00bb, a-t-elle pr\u00e9cis\u00e9. Cette judokate de renomm\u00e9e internationale, championne d\u2019Afrique et mondialiste, \u00e9tait dans l\u2019obligation de se couper les cheveux en \u00ab\u00a0coupe gar\u00e7on\u00a0\u00bb et se pr\u00e9nomma Salim pour int\u00e9grer ce monde sportive d\u00e9di\u00e9 exclusivement \u00e0 la gent masculine par la soci\u00e9t\u00e9 alg\u00e9rienne. C\u2019est \u00e0 partir de l\u00e0 que le combat de cette fille de\u00a0 9 ans, s\u0153ur de six gar\u00e7ons, a d\u00e9but\u00e9. \u00abCe n\u2019\u00e9tait pas \u00e9vident pour moi dans la mesure o\u00f9 nous vivons dans un environnement o\u00f9 tout \u00e9tait tabou pour la femme\u00bb, a-t-elle lanc\u00e9. Pour s\u2019affirmer, il fallait r\u00e9ussir, et tous ceux qui \u00e9taient contre le fait que la femme pratique un sport, et particuli\u00e8rement un sport de combat, sont devenus ses propres fans. \u00abplus que \u00e7a, ils \u00e9taient fiers qu\u2019une fille de leur quartier les repr\u00e9sente bien, sur les plans r\u00e9gional et national et m\u00eame international\u00bb, dira Salima. La championne de judo a, par ailleurs, racont\u00e9 avec douleur l\u2019assassinat de son fr\u00e8re a\u00een\u00e9 \u00e0 l\u2019\u00e2ge de 21 ans durant la d\u00e9cennie noire. Malheureusement, le temps d\u2019apr\u00e8s la d\u00e9cennie noire n\u2019\u00e9tait pas une p\u00e9riode qui allait arranger les choses pour Salima,\u00a0 parce qu\u2019elle avait co\u00efncid\u00e9 avec son int\u00e9gration \u00e0 l\u2019\u00e9quipe nationale&#8230; \u00abJe me souviens, on s\u2019entra\u00eenait tard le soir, et pour rentrer \u00e0 la maison&#8230; Ce climat \u00e9tait dangereux mais il fallait rester l\u00e0, en Alg\u00e9rie, pour combattre coude-\u00e0-coude\u00bb. Il y a lieu de noter, enfin, qu\u2019apr\u00e8s sa carri\u00e8re d&rsquo;athl\u00e8te, Souakri a embrass\u00e9 la carri\u00e8re d&rsquo;entra\u00eeneur, tout en se lan\u00e7ant en parall\u00e8le dans le monde des m\u00e9dias o\u00f9 elle a anim\u00e9 notamment une \u00e9mission \u00e0 caract\u00e8re social dans une cha\u00eene de t\u00e9l\u00e9vision priv\u00e9e.\u00a0 Elle a \u00e9t\u00e9 nomm\u00e9e, par ailleurs, Ambassadrice de bonne volont\u00e9 de l&rsquo;Unicef en 2011.<br \/>Sihem Oubraham<\/p>\n<p>Auteur: elmoudjahid<br \/>\n<a href=\"http:\/\/www.elmoudjahid.com\/fr\/actualites\/142333\">Cliquez ici pour lire l&rsquo;article depuis sa source.<\/a><\/p>\n","protected":false},"excerpt":{"rendered":"<p>C&rsquo;est avec beaucoup d&rsquo;\u00e9motion que la judokate Salima Souakri a sign\u00e9 son ouvrage autobiographique baptis\u00e9 Ceinture noire, c\u0153ur blanc, du journaliste et \u00e9crivain Jaoudet Gassouma, et ce, \u00e0 l&rsquo;occasion d&rsquo;une vente-d\u00e9dicace, samedi dernier, \u00e0 la librairie L\u2019Arbre, \u00e0 Sidi Yahia, dans la commune de Hydra, devant un public venu assez nombreux.Paru aux \u00e9ditions Al Bayzin, [&hellip;]<\/p>\n","protected":false},"author":1744,"featured_media":0,"comment_status":"closed","ping_status":"closed","sticky":false,"template":"","format":"standard","meta":{"fifu_image_url":"","fifu_image_alt":"","footnotes":""},"categories":[73,53],"tags":[],"class_list":["post-62074","post","type-post","status-publish","format-standard","hentry","category-actualite","category-algerie"],"_links":{"self":[{"href":"https:\/\/linitiative.ca\/International\/wp-json\/wp\/v2\/posts\/62074","targetHints":{"allow":["GET"]}}],"collection":[{"href":"https:\/\/linitiative.ca\/International\/wp-json\/wp\/v2\/posts"}],"about":[{"href":"https:\/\/linitiative.ca\/International\/wp-json\/wp\/v2\/types\/post"}],"author":[{"embeddable":true,"href":"https:\/\/linitiative.ca\/International\/wp-json\/wp\/v2\/users\/1744"}],"replies":[{"embeddable":true,"href":"https:\/\/linitiative.ca\/International\/wp-json\/wp\/v2\/comments?post=62074"}],"version-history":[{"count":0,"href":"https:\/\/linitiative.ca\/International\/wp-json\/wp\/v2\/posts\/62074\/revisions"}],"wp:attachment":[{"href":"https:\/\/linitiative.ca\/International\/wp-json\/wp\/v2\/media?parent=62074"}],"wp:term":[{"taxonomy":"category","embeddable":true,"href":"https:\/\/linitiative.ca\/International\/wp-json\/wp\/v2\/categories?post=62074"},{"taxonomy":"post_tag","embeddable":true,"href":"https:\/\/linitiative.ca\/International\/wp-json\/wp\/v2\/tags?post=62074"}],"curies":[{"name":"wp","href":"https:\/\/api.w.org\/{rel}","templated":true}]}}