{"id":62075,"date":"2019-09-22T20:00:00","date_gmt":"2019-09-23T00:00:00","guid":{"rendered":"https:\/\/linitiative.ca\/International\/algerie-russie-intensifier-la-cooperation-bilaterale\/"},"modified":"2019-09-22T20:00:00","modified_gmt":"2019-09-23T00:00:00","slug":"algerie-russie-intensifier-la-cooperation-bilaterale","status":"publish","type":"post","link":"https:\/\/linitiative.ca\/International\/algerie-russie-intensifier-la-cooperation-bilaterale\/","title":{"rendered":"Alg\u00e9rie &#8211; Russie : Intensifier la coop\u00e9ration bilat\u00e9rale"},"content":{"rendered":"<p>Le ministre des Finances, Mohamed Loukal, a re\u00e7u hier l&rsquo;ambassadeur de Russie, M.\u2008Igor Beliaev, une rencontre o\u00f9 l&rsquo;intensification et la diversification de la coop\u00e9ration bilat\u00e9rale ont \u00e9t\u00e9 notamment abord\u00e9es.<br \/>Les deux parties ont pass\u00e9 en revue l&rsquo;\u00e9tat de la coop\u00e9ration bilat\u00e9rale et ses perspectives et se sont f\u00e9licit\u00e9s de l&rsquo;\u00e9volution positive et du renforcement de cette coop\u00e9ration durant ces derni\u00e8res ann\u00e9es.<br \/>Il a \u00e9t\u00e9 convenu, \u00e0 cette occasion, d&rsquo;\u0153uvrer pour la consolidation de cette coop\u00e9ration et sa diversification, \u00e0 travers des projets de partenariat et d&rsquo;investissement entre les op\u00e9rateurs \u00e9conomiques des deux pays, ainsi que le d\u00e9veloppement des \u00e9changes, notamment dans le domaine agricole.\u00a0\u00a0\u00a0<\/p>\n<p>Auteur: elmoudjahid<br \/>\n<a href=\"http:\/\/www.elmoudjahid.com\/fr\/actualites\/142334\">Cliquez ici pour lire l&rsquo;article depuis sa source.<\/a><\/p>\n","protected":false},"excerpt":{"rendered":"<p>Le ministre des Finances, Mohamed Loukal, a re\u00e7u hier l&rsquo;ambassadeur de Russie, M.\u2008Igor Beliaev, une rencontre o\u00f9 l&rsquo;intensification et la diversification de la coop\u00e9ration bilat\u00e9rale ont \u00e9t\u00e9 notamment abord\u00e9es.Les deux parties ont pass\u00e9 en revue l&rsquo;\u00e9tat de la coop\u00e9ration bilat\u00e9rale et ses perspectives et se sont f\u00e9licit\u00e9s de l&rsquo;\u00e9volution positive et du renforcement de cette [&hellip;]<\/p>\n","protected":false},"author":1744,"featured_media":0,"comment_status":"closed","ping_status":"closed","sticky":false,"template":"","format":"standard","meta":{"fifu_image_url":"","fifu_image_alt":"","footnotes":""},"categories":[73,53],"tags":[],"class_list":["post-62075","post","type-post","status-publish","format-standard","hentry","category-actualite","category-algerie"],"_links":{"self":[{"href":"https:\/\/linitiative.ca\/International\/wp-json\/wp\/v2\/posts\/62075","targetHints":{"allow":["GET"]}}],"collection":[{"href":"https:\/\/linitiative.ca\/International\/wp-json\/wp\/v2\/posts"}],"about":[{"href":"https:\/\/linitiative.ca\/International\/wp-json\/wp\/v2\/types\/post"}],"author":[{"embeddable":true,"href":"https:\/\/linitiative.ca\/International\/wp-json\/wp\/v2\/users\/1744"}],"replies":[{"embeddable":true,"href":"https:\/\/linitiative.ca\/International\/wp-json\/wp\/v2\/comments?post=62075"}],"version-history":[{"count":0,"href":"https:\/\/linitiative.ca\/International\/wp-json\/wp\/v2\/posts\/62075\/revisions"}],"wp:attachment":[{"href":"https:\/\/linitiative.ca\/International\/wp-json\/wp\/v2\/media?parent=62075"}],"wp:term":[{"taxonomy":"category","embeddable":true,"href":"https:\/\/linitiative.ca\/International\/wp-json\/wp\/v2\/categories?post=62075"},{"taxonomy":"post_tag","embeddable":true,"href":"https:\/\/linitiative.ca\/International\/wp-json\/wp\/v2\/tags?post=62075"}],"curies":[{"name":"wp","href":"https:\/\/api.w.org\/{rel}","templated":true}]}}