{"id":62076,"date":"2019-09-22T20:00:00","date_gmt":"2019-09-23T00:00:00","guid":{"rendered":"https:\/\/linitiative.ca\/International\/m-boukadoum-rencontre-les-membres-de-la-communaute-nationale-aux-etats-unis-une-ecoute-attentive\/"},"modified":"2019-09-22T20:00:00","modified_gmt":"2019-09-23T00:00:00","slug":"m-boukadoum-rencontre-les-membres-de-la-communaute-nationale-aux-etats-unis-une-ecoute-attentive","status":"publish","type":"post","link":"https:\/\/linitiative.ca\/International\/m-boukadoum-rencontre-les-membres-de-la-communaute-nationale-aux-etats-unis-une-ecoute-attentive\/","title":{"rendered":"M. Boukadoum rencontre les membres de la communaut\u00e9 nationale aux \u00e9tats-Unis : Une \u00e9coute attentive"},"content":{"rendered":"<p>Le ministre des Affaires \u00e9trang\u00e8res, Sabri Boukadoum, a rencontr\u00e9 samedi dernier \u00e0 New York les membres de la communaut\u00e9 nationale \u00e9tablie aux Etats-Unis d&rsquo;Am\u00e9rique, au cours d&rsquo;une r\u00e9ception organis\u00e9e en leur honneur au si\u00e8ge du Consulat g\u00e9n\u00e9ral, a indiqu\u00e9 hier le minist\u00e8re des Affaires \u00e9trang\u00e8res dans un communiqu\u00e9.<br \/>\u00abLes \u00e9changes se sont d\u00e9roul\u00e9s dans une ambiance conviviale et chaleureuse et ont permis au chef de la diplomatie alg\u00e9rienne d&rsquo;informer nos ressortissants sur la situation du pays au triple plan politique, \u00e9conomique et social\u00bb, pr\u00e9cise la m\u00eame source. M.\u2008Boukadoum a mis l&rsquo;accent sur \u00ables r\u00e9centes d\u00e9cisions prises par le gouvernement en faveur des cat\u00e9gories n\u00e9cessiteuses de la soci\u00e9t\u00e9, notamment les personnes handicap\u00e9es qui ont b\u00e9n\u00e9fici\u00e9 d&rsquo;une augmentation de 150% de leur allocation mensuelle ainsi que sur le projet de loi de finances pour 2020 qui autorise l&rsquo;importation de v\u00e9hicules d&rsquo;occasion\u00bb. Le ministre a rappel\u00e9 \u00ables diff\u00e9rentes mesures prises par notre pays pour le d\u00e9roulement de la prochaine \u00e9lection pr\u00e9sidentielle qui sera organis\u00e9e, le 12 d\u00e9cembre 2019, sous le sceau de la r\u00e9gularit\u00e9, la transparence et la neutralit\u00e9, conform\u00e9ment aux aspirations de notre peuple et aux recommandations de l&rsquo;Instance nationale de dialogue et de m\u00e9diation\u00bb. \u00abLa promulgation de la nouvelle loi \u00e9lectorale et du texte portant cr\u00e9ation d&rsquo;une Autorit\u00e9 nationale ind\u00e9pendante des \u00e9lections (ANIE), avec la convocation du corps \u00e9lectoral, sont autant de conditions qui garantissent la cr\u00e9ation d&rsquo;un climat favorable pour le d\u00e9roulement de ce scrutin crucial devant mener \u00e0 une sortie de crise et permettre \u00e0 notre pays d&rsquo;aller de l&rsquo;avant\u00bb, a-t-il encore rappel\u00e9. Les membres de la communaut\u00e9 nationale aux Etats-Unis ont manifest\u00e9 \u00abun grand int\u00e9r\u00eat et une pleine disponibilit\u00e9 \u00e0 apporter leur contribution au processus de d\u00e9veloppement de notre pays dans tous les domaines\u00bb, a-t-il d\u00e9clar\u00e9, saluant \u00ables facilitations administratives et les mesures prises en leur faveur en mati\u00e8re de logement et d&rsquo;investissement\u00bb.\u00a0 M. Boukadoum a saisi cette occasion pour annoncer l&rsquo;ouverture d&rsquo;un Consulat g\u00e9n\u00e9ral d&rsquo;Alg\u00e9rie \u00e0 San Francisco en r\u00e9ponse aux demandes exprim\u00e9es, \u00e0 maintes reprises, par notre communaut\u00e9 \u00e9tablie sur la c\u00f4te ouest des Etats-Unis.<\/p>\n<p>Auteur: elmoudjahid<br \/>\n<a href=\"http:\/\/www.elmoudjahid.com\/fr\/actualites\/142335\">Cliquez ici pour lire l&rsquo;article depuis sa source.<\/a><\/p>\n","protected":false},"excerpt":{"rendered":"<p>Le ministre des Affaires \u00e9trang\u00e8res, Sabri Boukadoum, a rencontr\u00e9 samedi dernier \u00e0 New York les membres de la communaut\u00e9 nationale \u00e9tablie aux Etats-Unis d&rsquo;Am\u00e9rique, au cours d&rsquo;une r\u00e9ception organis\u00e9e en leur honneur au si\u00e8ge du Consulat g\u00e9n\u00e9ral, a indiqu\u00e9 hier le minist\u00e8re des Affaires \u00e9trang\u00e8res dans un communiqu\u00e9.\u00abLes \u00e9changes se sont d\u00e9roul\u00e9s dans une ambiance [&hellip;]<\/p>\n","protected":false},"author":1744,"featured_media":0,"comment_status":"closed","ping_status":"closed","sticky":false,"template":"","format":"standard","meta":{"fifu_image_url":"","fifu_image_alt":"","footnotes":""},"categories":[73,53],"tags":[],"class_list":["post-62076","post","type-post","status-publish","format-standard","hentry","category-actualite","category-algerie"],"_links":{"self":[{"href":"https:\/\/linitiative.ca\/International\/wp-json\/wp\/v2\/posts\/62076","targetHints":{"allow":["GET"]}}],"collection":[{"href":"https:\/\/linitiative.ca\/International\/wp-json\/wp\/v2\/posts"}],"about":[{"href":"https:\/\/linitiative.ca\/International\/wp-json\/wp\/v2\/types\/post"}],"author":[{"embeddable":true,"href":"https:\/\/linitiative.ca\/International\/wp-json\/wp\/v2\/users\/1744"}],"replies":[{"embeddable":true,"href":"https:\/\/linitiative.ca\/International\/wp-json\/wp\/v2\/comments?post=62076"}],"version-history":[{"count":0,"href":"https:\/\/linitiative.ca\/International\/wp-json\/wp\/v2\/posts\/62076\/revisions"}],"wp:attachment":[{"href":"https:\/\/linitiative.ca\/International\/wp-json\/wp\/v2\/media?parent=62076"}],"wp:term":[{"taxonomy":"category","embeddable":true,"href":"https:\/\/linitiative.ca\/International\/wp-json\/wp\/v2\/categories?post=62076"},{"taxonomy":"post_tag","embeddable":true,"href":"https:\/\/linitiative.ca\/International\/wp-json\/wp\/v2\/tags?post=62076"}],"curies":[{"name":"wp","href":"https:\/\/api.w.org\/{rel}","templated":true}]}}