{"id":62078,"date":"2019-09-23T09:43:40","date_gmt":"2019-09-23T13:43:40","guid":{"rendered":"https:\/\/linitiative.ca\/International\/94724-coupe-de-la-confederation-1-16-de-finale-retour-cs-sfaxien-paradou-ac-le-29-septembre-a-18h00\/"},"modified":"2019-09-23T09:43:40","modified_gmt":"2019-09-23T13:43:40","slug":"94724-coupe-de-la-confederation-1-16-de-finale-retour-cs-sfaxien-paradou-ac-le-29-septembre-a-18h00","status":"publish","type":"post","link":"https:\/\/linitiative.ca\/International\/94724-coupe-de-la-confederation-1-16-de-finale-retour-cs-sfaxien-paradou-ac-le-29-septembre-a-18h00\/","title":{"rendered":"Coupe de la Conf\u00e9d\u00e9ration (1\/16 de finale retour): CS Sfaxien-Paradou AC le\u00a029 septembre \u00e0 18h00"},"content":{"rendered":"<div>\n<div class=\"K2FeedIntroText\">\n<p><strong>LE CAIRE &#8211; Le match CS Sfaxien &#8211; Paradou AC, comptant pour les seizi\u00e8mes de finale (retour) de la Coupe de la Conf\u00e9d\u00e9ration, aura lieu le 29 septembre \u00e0 18h00 au stade Taieb-M&rsquo;hiri de Sfax (Tunisie), a indiqu\u00e9 lundi la Conf\u00e9d\u00e9ration africaine de football (CAF).<\/strong><\/p>\n<\/div>\n<div class=\"K2FeedFullText\">\n<p>La manche aller disput\u00e9e le 15 septembre au stade 5-Juillet (Alger) avait \u00e9t\u00e9 remport\u00e9e par le repr\u00e9sentant alg\u00e9rien sur le score de 3 \u00e0 1.<\/p>\n<p>L&rsquo;autre seizi\u00e8me de finale retour entre le CR Belouizdad et les Egyptiens de Pyramids FC aura lieu le 28 septembre \u00e0 18h00.<\/p>\n<p>A l&rsquo;aller disput\u00e9 le 14 septembre au Caire, les deux \u00e9quipes avaient fait match nul 1-1.<\/p>\n<\/div>\n<p><img loading=\"lazy\" decoding=\"async\" src=\"http:\/\/feeds.feedburner.com\/~r\/aps-sport\/~4\/UXu_SBK_FRc\" height=\"1\" width=\"1\" alt=\"\"><\/div>\n<p>Auteur:<br \/>\n<a href=\"http:\/\/www.aps.dz\/sport\/94724-coupe-de-la-confederation-1-16-de-finale-retour-cs-sfaxien-paradou-ac-le-29-septembre-a-18h00?utm_source=feedburner&#038;utm_medium=feed&#038;utm_campaign=Feed%3A+aps-sport+%28APS+-+SPORT%29\">Cliquez ici pour lire l&rsquo;article depuis sa source.<\/a><\/p>\n","protected":false},"excerpt":{"rendered":"<p>LE CAIRE &#8211; Le match CS Sfaxien &#8211; Paradou AC, comptant pour les seizi\u00e8mes de finale (retour) de la Coupe de la Conf\u00e9d\u00e9ration, aura lieu le 29 septembre \u00e0 18h00 au stade Taieb-M&rsquo;hiri de Sfax (Tunisie), a indiqu\u00e9 lundi la Conf\u00e9d\u00e9ration africaine de football (CAF). La manche aller disput\u00e9e le 15 septembre au stade 5-Juillet [&hellip;]<\/p>\n","protected":false},"author":1790,"featured_media":0,"comment_status":"closed","ping_status":"closed","sticky":false,"template":"","format":"standard","meta":{"fifu_image_url":"","fifu_image_alt":"","footnotes":""},"categories":[53,75],"tags":[],"class_list":["post-62078","post","type-post","status-publish","format-standard","hentry","category-algerie","category-sport"],"_links":{"self":[{"href":"https:\/\/linitiative.ca\/International\/wp-json\/wp\/v2\/posts\/62078","targetHints":{"allow":["GET"]}}],"collection":[{"href":"https:\/\/linitiative.ca\/International\/wp-json\/wp\/v2\/posts"}],"about":[{"href":"https:\/\/linitiative.ca\/International\/wp-json\/wp\/v2\/types\/post"}],"author":[{"embeddable":true,"href":"https:\/\/linitiative.ca\/International\/wp-json\/wp\/v2\/users\/1790"}],"replies":[{"embeddable":true,"href":"https:\/\/linitiative.ca\/International\/wp-json\/wp\/v2\/comments?post=62078"}],"version-history":[{"count":0,"href":"https:\/\/linitiative.ca\/International\/wp-json\/wp\/v2\/posts\/62078\/revisions"}],"wp:attachment":[{"href":"https:\/\/linitiative.ca\/International\/wp-json\/wp\/v2\/media?parent=62078"}],"wp:term":[{"taxonomy":"category","embeddable":true,"href":"https:\/\/linitiative.ca\/International\/wp-json\/wp\/v2\/categories?post=62078"},{"taxonomy":"post_tag","embeddable":true,"href":"https:\/\/linitiative.ca\/International\/wp-json\/wp\/v2\/tags?post=62078"}],"curies":[{"name":"wp","href":"https:\/\/api.w.org\/{rel}","templated":true}]}}