{"id":62081,"date":"2019-09-23T10:55:31","date_gmt":"2019-09-23T14:55:31","guid":{"rendered":"https:\/\/linitiative.ca\/International\/94731-tennis-classement-mondial-feminin-l-algerienne-ines-ibbou-se-maintient-au-182e-rang\/"},"modified":"2019-09-23T10:55:31","modified_gmt":"2019-09-23T14:55:31","slug":"94731-tennis-classement-mondial-feminin-l-algerienne-ines-ibbou-se-maintient-au-182e-rang","status":"publish","type":"post","link":"https:\/\/linitiative.ca\/International\/94731-tennis-classement-mondial-feminin-l-algerienne-ines-ibbou-se-maintient-au-182e-rang\/","title":{"rendered":"Tennis \/ Classement mondial f\u00e9minin : In\u00e8s Ibbou se maintient au 182e rang"},"content":{"rendered":"<div>\n<div class=\"K2FeedImage\"><img decoding=\"async\" src=\"http:\/\/www.aps.dz\/media\/k2\/items\/cache\/3803e4fde0981b3f916ebd164d29a0d2_S.jpg\" alt=\"Tennis \/ Classement mondial f\u00e9minin : In\u00e8s Ibbou se maintient au 182e rang\"><\/div>\n<div class=\"K2FeedIntroText\">\n<p><strong>LONDRES- La tenniswoman alg\u00e9rienne In\u00e8s Ibbou, bien que sans comp\u00e9tition ces derniers jours, a r\u00e9ussi \u00e0 se maintenir au 182e rang du classement mondial f\u00e9minin, d\u00e9voil\u00e9 lundi par la F\u00e9d\u00e9ration internationale (ITF).<\/strong><\/p>\n<\/div>\n<div class=\"K2FeedFullText\">\n<p>Un Ranking qu&rsquo;elle occupe depuis la fin juillet dernier et qu&rsquo;elle n&rsquo;a pratiquement plus quitt\u00e9 depuis, elle qui totalise actuellement 146 points en simple.<\/p>\n<blockquote>\n<p><em><strong>La championne d&rsquo;Afrique de 2015, aujourd&rsquo;hui \u00e2g\u00e9e de 20 ans, est la meilleure alg\u00e9rienne dans ce classement mondial de l&rsquo;ITF, devant sa compatriote Amira Bena\u00efssa, d\u00e9sormais 809e, apr\u00e8s un gain de 14 places ce lundi.<\/strong><\/em><\/p>\n<\/blockquote>\n<p>Cependant, la meilleure ascension de la semaine a \u00e9t\u00e9 r\u00e9alis\u00e9e par les s\u0153urs Boudjadi, avec 72 places gagn\u00e9es par Yassamine, d\u00e9sormais 1818e, et 115 places par Hanine, d\u00e9sormais 1666e.<\/p>\n<p>Dans le haut de ce classement ITF, la hi\u00e9rarchie est domin\u00e9e par l&rsquo;Australienne Seone Mendez (612 pts), devant la Russe Anna Morgina (590 pts) et la Finlandaise Anastasia Kulikova (526 pts).<\/p>\n<p>L&rsquo;ancienne N1, la Chilienne Fernanda Brito se retrouve d\u00e9sormais 4e, avec un total de 760 points.<\/p>\n<\/div>\n<p><img loading=\"lazy\" decoding=\"async\" src=\"http:\/\/feeds.feedburner.com\/~r\/aps-sport\/~4\/M-BE1n57eXc\" height=\"1\" width=\"1\" alt=\"\"><\/div>\n<p>Auteur:<br \/>\n<a href=\"http:\/\/www.aps.dz\/sport\/94731-tennis-classement-mondial-feminin-l-algerienne-ines-ibbou-se-maintient-au-182e-rang?utm_source=feedburner&#038;utm_medium=feed&#038;utm_campaign=Feed%3A+aps-sport+%28APS+-+SPORT%29\">Cliquez ici pour lire l&rsquo;article depuis sa source.<\/a><\/p>\n","protected":false},"excerpt":{"rendered":"<p>LONDRES- La tenniswoman alg\u00e9rienne In\u00e8s Ibbou, bien que sans comp\u00e9tition ces derniers jours, a r\u00e9ussi \u00e0 se maintenir au 182e rang du classement mondial f\u00e9minin, d\u00e9voil\u00e9 lundi par la F\u00e9d\u00e9ration internationale (ITF). Un Ranking qu&rsquo;elle occupe depuis la fin juillet dernier et qu&rsquo;elle n&rsquo;a pratiquement plus quitt\u00e9 depuis, elle qui totalise actuellement 146 points en [&hellip;]<\/p>\n","protected":false},"author":1790,"featured_media":62082,"comment_status":"closed","ping_status":"closed","sticky":false,"template":"","format":"standard","meta":{"fifu_image_url":"","fifu_image_alt":"","footnotes":""},"categories":[53,75],"tags":[],"class_list":["post-62081","post","type-post","status-publish","format-standard","has-post-thumbnail","hentry","category-algerie","category-sport"],"_links":{"self":[{"href":"https:\/\/linitiative.ca\/International\/wp-json\/wp\/v2\/posts\/62081","targetHints":{"allow":["GET"]}}],"collection":[{"href":"https:\/\/linitiative.ca\/International\/wp-json\/wp\/v2\/posts"}],"about":[{"href":"https:\/\/linitiative.ca\/International\/wp-json\/wp\/v2\/types\/post"}],"author":[{"embeddable":true,"href":"https:\/\/linitiative.ca\/International\/wp-json\/wp\/v2\/users\/1790"}],"replies":[{"embeddable":true,"href":"https:\/\/linitiative.ca\/International\/wp-json\/wp\/v2\/comments?post=62081"}],"version-history":[{"count":0,"href":"https:\/\/linitiative.ca\/International\/wp-json\/wp\/v2\/posts\/62081\/revisions"}],"wp:featuredmedia":[{"embeddable":true,"href":"https:\/\/linitiative.ca\/International\/wp-json\/"}],"wp:attachment":[{"href":"https:\/\/linitiative.ca\/International\/wp-json\/wp\/v2\/media?parent=62081"}],"wp:term":[{"taxonomy":"category","embeddable":true,"href":"https:\/\/linitiative.ca\/International\/wp-json\/wp\/v2\/categories?post=62081"},{"taxonomy":"post_tag","embeddable":true,"href":"https:\/\/linitiative.ca\/International\/wp-json\/wp\/v2\/tags?post=62081"}],"curies":[{"name":"wp","href":"https:\/\/api.w.org\/{rel}","templated":true}]}}