{"id":62083,"date":"2019-09-23T12:12:00","date_gmt":"2019-09-23T16:12:00","guid":{"rendered":"https:\/\/linitiative.ca\/International\/tribunal-militaire-lavocat-du-general-toufik-demande-le-report-du-proces\/"},"modified":"2019-09-23T12:12:00","modified_gmt":"2019-09-23T16:12:00","slug":"tribunal-militaire-lavocat-du-general-toufik-demande-le-report-du-proces","status":"publish","type":"post","link":"https:\/\/linitiative.ca\/International\/tribunal-militaire-lavocat-du-general-toufik-demande-le-report-du-proces\/","title":{"rendered":"TRIBUNAL MILITAIRE : L\u2019avocat du g\u00e9n\u00e9ral Toufik demande le report du proc\u00e8s !"},"content":{"rendered":"<p><br id=\"sep_para_1\" class=\"sep_para access\"\/><\/p>\n<div id=\"para_1\" class=\"para_33119909 resize\">\n<div class=\"texte access firstletter\">Selon la\u00a0\u00a0 t\u00e9l\u00e9vision publique, Me Farouk Ksentini, avocat du g\u00e9n\u00e9ral Toufik, a demand\u00e9 le report du proc\u00e8s en raison de l\u2019\u00e9tat de sant\u00e9 de son client. Dans une lettre, la famille Medi\u00e8ne interpelle l\u2019opinion publique quant \u00e0 la d\u00e9gradation de l\u2019\u00e9tat de sant\u00e9 du g\u00e9n\u00e9ral. \u00ab Son \u00e9tat de sant\u00e9 s\u2019est aggrav\u00e9 apr\u00e8s son incarc\u00e9ration le 5 mai 2019 suite \u00e0 une chute survenue au dixi\u00e8me jour de sa d\u00e9tention au centre p\u00e9nitentiaire de Blida, occasionnant une fracture complexe de l\u2019omoplate droite \u00bb, a notamment d\u00e9clar\u00e9 la famille du g\u00e9n\u00e9ral Toufik. Pour rappel, l\u2019ex-patron du DRS est poursuivi avec Bachir Tartag (ex-coordinateur des services de s\u00e9curit\u00e9), Said Bouteflika (fr\u00e8re et conseiller du Pr\u00e9sident d\u00e9chu) et Louisa Hanoune (cheffe du PT) pour complot contre l\u2019autorit\u00e9 de l\u2019Arm\u00e9e et de l\u2019Etat.<\/div>\n<\/div>\n<p>Auteur: Ismain<br \/>\n<a href=\"https:\/\/www.reflexiondz.net\/TRIBUNAL-MILITAIRE-L-avocat-du-general-Toufik-demande-le-report-du-proces-_a57793.html\">Cliquez ici pour lire l&rsquo;article depuis sa source.<\/a><\/p>\n","protected":false},"excerpt":{"rendered":"<p>Selon la\u00a0\u00a0 t\u00e9l\u00e9vision publique, Me Farouk Ksentini, avocat du g\u00e9n\u00e9ral Toufik, a demand\u00e9 le report du proc\u00e8s en raison de l\u2019\u00e9tat de sant\u00e9 de son client. Dans une lettre, la famille Medi\u00e8ne interpelle l\u2019opinion publique quant \u00e0 la d\u00e9gradation de l\u2019\u00e9tat de sant\u00e9 du g\u00e9n\u00e9ral. \u00ab Son \u00e9tat de sant\u00e9 s\u2019est aggrav\u00e9 apr\u00e8s son incarc\u00e9ration [&hellip;]<\/p>\n","protected":false},"author":1740,"featured_media":0,"comment_status":"closed","ping_status":"closed","sticky":false,"template":"","format":"standard","meta":{"fifu_image_url":"","fifu_image_alt":"","footnotes":""},"categories":[53,76],"tags":[],"class_list":["post-62083","post","type-post","status-publish","format-standard","hentry","category-algerie","category-regions"],"_links":{"self":[{"href":"https:\/\/linitiative.ca\/International\/wp-json\/wp\/v2\/posts\/62083","targetHints":{"allow":["GET"]}}],"collection":[{"href":"https:\/\/linitiative.ca\/International\/wp-json\/wp\/v2\/posts"}],"about":[{"href":"https:\/\/linitiative.ca\/International\/wp-json\/wp\/v2\/types\/post"}],"author":[{"embeddable":true,"href":"https:\/\/linitiative.ca\/International\/wp-json\/wp\/v2\/users\/1740"}],"replies":[{"embeddable":true,"href":"https:\/\/linitiative.ca\/International\/wp-json\/wp\/v2\/comments?post=62083"}],"version-history":[{"count":0,"href":"https:\/\/linitiative.ca\/International\/wp-json\/wp\/v2\/posts\/62083\/revisions"}],"wp:attachment":[{"href":"https:\/\/linitiative.ca\/International\/wp-json\/wp\/v2\/media?parent=62083"}],"wp:term":[{"taxonomy":"category","embeddable":true,"href":"https:\/\/linitiative.ca\/International\/wp-json\/wp\/v2\/categories?post=62083"},{"taxonomy":"post_tag","embeddable":true,"href":"https:\/\/linitiative.ca\/International\/wp-json\/wp\/v2\/tags?post=62083"}],"curies":[{"name":"wp","href":"https:\/\/api.w.org\/{rel}","templated":true}]}}