{"id":62084,"date":"2019-09-23T12:12:00","date_gmt":"2019-09-23T16:12:00","guid":{"rendered":"https:\/\/linitiative.ca\/International\/baccalaureat-professionnel-installation-dune-commission-pour-lexamen-du-dossier\/"},"modified":"2019-09-23T12:12:00","modified_gmt":"2019-09-23T16:12:00","slug":"baccalaureat-professionnel-installation-dune-commission-pour-lexamen-du-dossier","status":"publish","type":"post","link":"https:\/\/linitiative.ca\/International\/baccalaureat-professionnel-installation-dune-commission-pour-lexamen-du-dossier\/","title":{"rendered":"BACCALAUREAT PROFESSIONNEL : Installation d&rsquo;une Commission pour l\u2019examen du dossier"},"content":{"rendered":"<p><br id=\"sep_para_1\" class=\"sep_para access\"\/><\/p>\n<div id=\"para_1\" class=\"para_33119898 resize\">\n<div class=\"texte access firstletter\">Une Commission interminist\u00e9rielle charg\u00e9e de l&rsquo;examen du dossier du \u00ab\u00a0lancement du baccalaur\u00e9at professionnel\u00a0\u00bb en coordination avec l&rsquo;Office national des examens et concours (ONEC), relevant du minist\u00e8re de l&rsquo;Education nationale, sera install\u00e9e aujourd\u2019hui mardi, a-t-on appris aupr\u00e8s du minist\u00e8re de la Formation et l&rsquo;Enseignement professionnels. Charg\u00e9e du lancement du BAC professionnel, cette Commission proposera les mesures n\u00e9cessaires \u00e0 la concr\u00e9tisation de cette d\u00e9marche, notamment en ce qui concerne l&rsquo;orientation des \u00e9l\u00e8ves, le choix des sp\u00e9cialit\u00e9s et des fili\u00e8res et la gestion et l&rsquo;organisation du nouveau dipl\u00f4me, pr\u00e9cise la m\u00eame source. Elle aura \u00e9galement \u00e0 arr\u00eater les crit\u00e8res et conditions permettant \u00e0 ces bacheliers d&rsquo;acc\u00e9der aux \u00e9tablissements formation sup\u00e9rieure, en vue du perfectionnement de leur niveau de formation et de leur permettre de suivre un enseignement professionnel sup\u00e9rieur. Le titulaire de ce dipl\u00f4me (BAC professionnel) pourra ainsi \u00eatre ins\u00e9rer dans la vie professionnelle ou poursuivre une formation ou un enseignement qualifiant sup\u00e9rieur au niveau des \u00e9tablissements de la Formation et de l&rsquo;Enseignement professionnels ou de l&rsquo;Enseignement sup\u00e9rieur et de la Recherche scientifique. Le titulaire du BAC professionnel dans une fili\u00e8re quelconque aura le grade universitaire de bachelier de l&rsquo;Enseignement professionnel, \u00e0 l&rsquo;instar de tout autre dipl\u00f4me du Baccalaur\u00e9at de l&rsquo;Enseignement g\u00e9n\u00e9ral et technologique. Cette qualification constituera le premier dipl\u00f4me universitaire du genre dans la nomenclature des dipl\u00f4mes acad\u00e9miques universitaires.<\/div>\n<\/div>\n<p>Auteur: Nadine<br \/>\n<a href=\"https:\/\/www.reflexiondz.net\/BACCALAUREAT-PROFESSIONNEL-Installation-d-une-Commission-pour-l-examen-du-dossier_a57792.html\">Cliquez ici pour lire l&rsquo;article depuis sa source.<\/a><\/p>\n","protected":false},"excerpt":{"rendered":"<p>Une Commission interminist\u00e9rielle charg\u00e9e de l&rsquo;examen du dossier du \u00ab\u00a0lancement du baccalaur\u00e9at professionnel\u00a0\u00bb en coordination avec l&rsquo;Office national des examens et concours (ONEC), relevant du minist\u00e8re de l&rsquo;Education nationale, sera install\u00e9e aujourd\u2019hui mardi, a-t-on appris aupr\u00e8s du minist\u00e8re de la Formation et l&rsquo;Enseignement professionnels. Charg\u00e9e du lancement du BAC professionnel, cette Commission proposera les mesures [&hellip;]<\/p>\n","protected":false},"author":1740,"featured_media":0,"comment_status":"closed","ping_status":"closed","sticky":false,"template":"","format":"standard","meta":{"fifu_image_url":"","fifu_image_alt":"","footnotes":""},"categories":[53,76],"tags":[],"class_list":["post-62084","post","type-post","status-publish","format-standard","hentry","category-algerie","category-regions"],"_links":{"self":[{"href":"https:\/\/linitiative.ca\/International\/wp-json\/wp\/v2\/posts\/62084","targetHints":{"allow":["GET"]}}],"collection":[{"href":"https:\/\/linitiative.ca\/International\/wp-json\/wp\/v2\/posts"}],"about":[{"href":"https:\/\/linitiative.ca\/International\/wp-json\/wp\/v2\/types\/post"}],"author":[{"embeddable":true,"href":"https:\/\/linitiative.ca\/International\/wp-json\/wp\/v2\/users\/1740"}],"replies":[{"embeddable":true,"href":"https:\/\/linitiative.ca\/International\/wp-json\/wp\/v2\/comments?post=62084"}],"version-history":[{"count":0,"href":"https:\/\/linitiative.ca\/International\/wp-json\/wp\/v2\/posts\/62084\/revisions"}],"wp:attachment":[{"href":"https:\/\/linitiative.ca\/International\/wp-json\/wp\/v2\/media?parent=62084"}],"wp:term":[{"taxonomy":"category","embeddable":true,"href":"https:\/\/linitiative.ca\/International\/wp-json\/wp\/v2\/categories?post=62084"},{"taxonomy":"post_tag","embeddable":true,"href":"https:\/\/linitiative.ca\/International\/wp-json\/wp\/v2\/tags?post=62084"}],"curies":[{"name":"wp","href":"https:\/\/api.w.org\/{rel}","templated":true}]}}