{"id":62085,"date":"2019-09-23T12:12:00","date_gmt":"2019-09-23T16:12:00","guid":{"rendered":"https:\/\/linitiative.ca\/International\/violences-en-milieu-hospitalier-mise-en-place-de-mesures-durgence\/"},"modified":"2019-09-23T12:12:00","modified_gmt":"2019-09-23T16:12:00","slug":"violences-en-milieu-hospitalier-mise-en-place-de-mesures-durgence","status":"publish","type":"post","link":"https:\/\/linitiative.ca\/International\/violences-en-milieu-hospitalier-mise-en-place-de-mesures-durgence\/","title":{"rendered":"VIOLENCES EN MILIEU HOSPITALIER : Mise en place de mesures d\u2019urgence"},"content":{"rendered":"<p><br id=\"sep_para_1\" class=\"sep_para access\"\/><\/p>\n<div id=\"para_1\" class=\"para_33119891 resize\">\n<div class=\"texte access firstletter\">Le ministre de la Sant\u00e9, Mohamed Miraoui, a annonc\u00e9 ce lundi la mise en place de \u00ab mesures d\u2019urgence \u00bb visant \u00e0 lutter contre le \u00ab ph\u00e9nom\u00e8ne \u00bb des agressions contre les personnels des \u00e9tablissements de sant\u00e9, rapporte l\u2019agence officielle APS. 1922 cas d\u2019agressions physiques et 27909 agressions verbales enregistr\u00e9es au cours du premier semestre de l\u2019ann\u00e9e 2019 au niveau national. \u00ab 626 affaires judiciaires [ont] \u00e9t\u00e9 engag\u00e9es par les \u00e9tablissements contre les auteurs d\u2019agressions sur le personnel du secteur ou de la d\u00e9gradation des biens publics \u00bb, a indiqu\u00e9 le ministre Miraoui. Les mesures portent sur l\u2019organisation des services accueillant les patients et leurs accompagnateurs, la formation des agents de s\u00e9curit\u00e9 au niveau de ces \u00e9tablissements et des instructions donn\u00e9es aux responsables des \u00e9tablissements relevant du secteur en vue d\u2019ester en justice les auteurs de ces actes. Le minist\u00e8re de la Sant\u00e9 \u00ab veille au renforcement des unit\u00e9s d\u2019urgences m\u00e9dicales d\u2019agents de s\u00e9curit\u00e9 en nombre suffisant, \u00e0 l\u2019am\u00e9lioration de l\u2019accueil, tout en humanisant le service au niveau des \u00e9tablissements de la sant\u00e9 \u00bb, a affirm\u00e9 Mohamed Miraoui, qui a \u00e9galement indiqu\u00e9 avoir instruit les directeurs et les gestionnaires des \u00e9tablissements sous tutelle pour \u00ab ester en justice toute personne osant commettre des actes de violence quel qu\u2019en soit le motif \u00bb, appelant les responsables \u00e0 \u00ab constituer obligatoirement l\u2019administration en tant que partie civile impliqu\u00e9e dans tout incident produit \u00e0 l\u2019int\u00e9rieur des \u00e9tablissements de sant\u00e9 \u00bb.\u00a0\u00a0\u00a0\u00a0\u00a0\u00a0\u00a0<\/div>\n<\/div>\n<p>Auteur: Nadine<br \/>\n<a href=\"https:\/\/www.reflexiondz.net\/VIOLENCES-EN-MILIEU-HOSPITALIER-Mise-en-place-de-mesures-d-urgence_a57791.html\">Cliquez ici pour lire l&rsquo;article depuis sa source.<\/a><\/p>\n","protected":false},"excerpt":{"rendered":"<p>Le ministre de la Sant\u00e9, Mohamed Miraoui, a annonc\u00e9 ce lundi la mise en place de \u00ab mesures d\u2019urgence \u00bb visant \u00e0 lutter contre le \u00ab ph\u00e9nom\u00e8ne \u00bb des agressions contre les personnels des \u00e9tablissements de sant\u00e9, rapporte l\u2019agence officielle APS. 1922 cas d\u2019agressions physiques et 27909 agressions verbales enregistr\u00e9es au cours du premier semestre [&hellip;]<\/p>\n","protected":false},"author":1740,"featured_media":0,"comment_status":"closed","ping_status":"closed","sticky":false,"template":"","format":"standard","meta":{"fifu_image_url":"","fifu_image_alt":"","footnotes":""},"categories":[53,76],"tags":[],"class_list":["post-62085","post","type-post","status-publish","format-standard","hentry","category-algerie","category-regions"],"_links":{"self":[{"href":"https:\/\/linitiative.ca\/International\/wp-json\/wp\/v2\/posts\/62085","targetHints":{"allow":["GET"]}}],"collection":[{"href":"https:\/\/linitiative.ca\/International\/wp-json\/wp\/v2\/posts"}],"about":[{"href":"https:\/\/linitiative.ca\/International\/wp-json\/wp\/v2\/types\/post"}],"author":[{"embeddable":true,"href":"https:\/\/linitiative.ca\/International\/wp-json\/wp\/v2\/users\/1740"}],"replies":[{"embeddable":true,"href":"https:\/\/linitiative.ca\/International\/wp-json\/wp\/v2\/comments?post=62085"}],"version-history":[{"count":0,"href":"https:\/\/linitiative.ca\/International\/wp-json\/wp\/v2\/posts\/62085\/revisions"}],"wp:attachment":[{"href":"https:\/\/linitiative.ca\/International\/wp-json\/wp\/v2\/media?parent=62085"}],"wp:term":[{"taxonomy":"category","embeddable":true,"href":"https:\/\/linitiative.ca\/International\/wp-json\/wp\/v2\/categories?post=62085"},{"taxonomy":"post_tag","embeddable":true,"href":"https:\/\/linitiative.ca\/International\/wp-json\/wp\/v2\/tags?post=62085"}],"curies":[{"name":"wp","href":"https:\/\/api.w.org\/{rel}","templated":true}]}}