{"id":62086,"date":"2019-09-23T12:14:00","date_gmt":"2019-09-23T16:14:00","guid":{"rendered":"https:\/\/linitiative.ca\/International\/la-deputee-salima-ghezali-demissionne-de-lapn\/"},"modified":"2019-09-23T12:14:00","modified_gmt":"2019-09-23T16:14:00","slug":"la-deputee-salima-ghezali-demissionne-de-lapn","status":"publish","type":"post","link":"https:\/\/linitiative.ca\/International\/la-deputee-salima-ghezali-demissionne-de-lapn\/","title":{"rendered":"La d\u00e9put\u00e9e Salima Ghezali d\u00e9missionne de l\u2019APN !"},"content":{"rendered":"<p><br id=\"sep_para_1\" class=\"sep_para access\"\/><\/p>\n<div id=\"para_1\" class=\"para_33119915 resize\">\n<div class=\"texte access firstletter\">La d\u00e9put\u00e9e Salima Belkessam Ghezali, a annonc\u00e9, ce lundi 23 septembre 2019, sa d\u00e9mission de l\u2019Assembl\u00e9e populaire nationale (APN).\u00a0 \u00ab Je n\u2019ai pas d\u00e9missionn\u00e9 de l\u2019APN quand le peuple est sorti massivement, dans un mouvement national et pacifique, pour s\u2019opposer \u00e0 un odieux cinqui\u00e8me mandat et r\u00e9clamer le d\u00e9part d\u2019un syst\u00e8me autoritaire et corrompu, parce que je me suis laiss\u00e9e convaincre qu\u2019\u00e0 une demande collective aussi forte, il fallait une r\u00e9ponse institutionnelle qui offrirait une alternative ordonn\u00e9e et forte \u00bb, a-t-elle \u00e9crit dans sa lettre de d\u00e9mission rendue publique. Pour rappel, Salima Ghezali, journaliste, ex-conseill\u00e8re de Hocine A\u00eft Ahmed, d\u00e9put\u00e9e d\u2019Alger, a \u00e9t\u00e9 radi\u00e9e\u00a0 en octobre 2018 du FFS.<\/div>\n<\/div>\n<p>Auteur: R\u00e9flexion<br \/>\n<a href=\"https:\/\/www.reflexiondz.net\/La-deputee-Salima-Ghezali-demissionne-de-l-APN-_a57795.html\">Cliquez ici pour lire l&rsquo;article depuis sa source.<\/a><\/p>\n","protected":false},"excerpt":{"rendered":"<p>La d\u00e9put\u00e9e Salima Belkessam Ghezali, a annonc\u00e9, ce lundi 23 septembre 2019, sa d\u00e9mission de l\u2019Assembl\u00e9e populaire nationale (APN).\u00a0 \u00ab Je n\u2019ai pas d\u00e9missionn\u00e9 de l\u2019APN quand le peuple est sorti massivement, dans un mouvement national et pacifique, pour s\u2019opposer \u00e0 un odieux cinqui\u00e8me mandat et r\u00e9clamer le d\u00e9part d\u2019un syst\u00e8me autoritaire et corrompu, parce [&hellip;]<\/p>\n","protected":false},"author":1740,"featured_media":0,"comment_status":"closed","ping_status":"closed","sticky":false,"template":"","format":"standard","meta":{"fifu_image_url":"","fifu_image_alt":"","footnotes":""},"categories":[53,76],"tags":[],"class_list":["post-62086","post","type-post","status-publish","format-standard","hentry","category-algerie","category-regions"],"_links":{"self":[{"href":"https:\/\/linitiative.ca\/International\/wp-json\/wp\/v2\/posts\/62086","targetHints":{"allow":["GET"]}}],"collection":[{"href":"https:\/\/linitiative.ca\/International\/wp-json\/wp\/v2\/posts"}],"about":[{"href":"https:\/\/linitiative.ca\/International\/wp-json\/wp\/v2\/types\/post"}],"author":[{"embeddable":true,"href":"https:\/\/linitiative.ca\/International\/wp-json\/wp\/v2\/users\/1740"}],"replies":[{"embeddable":true,"href":"https:\/\/linitiative.ca\/International\/wp-json\/wp\/v2\/comments?post=62086"}],"version-history":[{"count":0,"href":"https:\/\/linitiative.ca\/International\/wp-json\/wp\/v2\/posts\/62086\/revisions"}],"wp:attachment":[{"href":"https:\/\/linitiative.ca\/International\/wp-json\/wp\/v2\/media?parent=62086"}],"wp:term":[{"taxonomy":"category","embeddable":true,"href":"https:\/\/linitiative.ca\/International\/wp-json\/wp\/v2\/categories?post=62086"},{"taxonomy":"post_tag","embeddable":true,"href":"https:\/\/linitiative.ca\/International\/wp-json\/wp\/v2\/tags?post=62086"}],"curies":[{"name":"wp","href":"https:\/\/api.w.org\/{rel}","templated":true}]}}