{"id":62087,"date":"2019-09-23T12:14:00","date_gmt":"2019-09-23T16:14:00","guid":{"rendered":"https:\/\/linitiative.ca\/International\/le-retour-spectaculaire-de-rachid-nekkaz\/"},"modified":"2019-09-23T12:14:00","modified_gmt":"2019-09-23T16:14:00","slug":"le-retour-spectaculaire-de-rachid-nekkaz","status":"publish","type":"post","link":"https:\/\/linitiative.ca\/International\/le-retour-spectaculaire-de-rachid-nekkaz\/","title":{"rendered":"Le retour spectaculaire  de Rachid Nekkaz"},"content":{"rendered":"<p><br id=\"sep_para_1\" class=\"sep_para access\"\/><\/p>\n<div id=\"para_1\" class=\"para_33119916 resize\">\n<div class=\"texte access firstletter\">Disparu de la sc\u00e8ne publique et politique, Rachid Nekkaz est en effet r\u00e9apparu ces derniers jours publiquement et de mani\u00e8re spectaculaire : il s\u2019est engag\u00e9 \u00e0 payer toutes les amendes qui auraient pu \u00eatre impos\u00e9es aux v\u00e9hicules et autocars transportant les citoyens vers la capitale durant les vendredis de manifestations. Rachid Nekkaz \u00e9tait \u00e9galement revenu sur la sc\u00e8ne publique ces derniers jours dans le sillage de l\u2019annonce par le chef de l\u2019Etat par int\u00e9rim de la convocation du corps \u00e9lectoral en vue des \u00e9lections pr\u00e9sidentielles pr\u00e9vues pour le 12 d\u00e9cembre prochain. Apr\u00e8s qu\u2019il ait appel\u00e9 au boycott des \u00e9lections pr\u00e9sidentielles du 4 juillet dernier, finalement annul\u00e9es faute de candidats dans un contexte de crise politique majeure, Rachid Nekkaz a pris la parole mercredi dernier pour annoncer qu\u2019il ne participerait pas aux prochaines \u00e9lections du 12 d\u00e9cembre.<\/div>\n<\/div>\n<p>Auteur: R\u00e9flexion<br \/>\n<a href=\"https:\/\/www.reflexiondz.net\/Le-retour-spectaculaire-de-Rachid-Nekkaz_a57796.html\">Cliquez ici pour lire l&rsquo;article depuis sa source.<\/a><\/p>\n","protected":false},"excerpt":{"rendered":"<p>Disparu de la sc\u00e8ne publique et politique, Rachid Nekkaz est en effet r\u00e9apparu ces derniers jours publiquement et de mani\u00e8re spectaculaire : il s\u2019est engag\u00e9 \u00e0 payer toutes les amendes qui auraient pu \u00eatre impos\u00e9es aux v\u00e9hicules et autocars transportant les citoyens vers la capitale durant les vendredis de manifestations. Rachid Nekkaz \u00e9tait \u00e9galement revenu [&hellip;]<\/p>\n","protected":false},"author":1740,"featured_media":0,"comment_status":"closed","ping_status":"closed","sticky":false,"template":"","format":"standard","meta":{"fifu_image_url":"","fifu_image_alt":"","footnotes":""},"categories":[53,76],"tags":[],"class_list":["post-62087","post","type-post","status-publish","format-standard","hentry","category-algerie","category-regions"],"_links":{"self":[{"href":"https:\/\/linitiative.ca\/International\/wp-json\/wp\/v2\/posts\/62087","targetHints":{"allow":["GET"]}}],"collection":[{"href":"https:\/\/linitiative.ca\/International\/wp-json\/wp\/v2\/posts"}],"about":[{"href":"https:\/\/linitiative.ca\/International\/wp-json\/wp\/v2\/types\/post"}],"author":[{"embeddable":true,"href":"https:\/\/linitiative.ca\/International\/wp-json\/wp\/v2\/users\/1740"}],"replies":[{"embeddable":true,"href":"https:\/\/linitiative.ca\/International\/wp-json\/wp\/v2\/comments?post=62087"}],"version-history":[{"count":0,"href":"https:\/\/linitiative.ca\/International\/wp-json\/wp\/v2\/posts\/62087\/revisions"}],"wp:attachment":[{"href":"https:\/\/linitiative.ca\/International\/wp-json\/wp\/v2\/media?parent=62087"}],"wp:term":[{"taxonomy":"category","embeddable":true,"href":"https:\/\/linitiative.ca\/International\/wp-json\/wp\/v2\/categories?post=62087"},{"taxonomy":"post_tag","embeddable":true,"href":"https:\/\/linitiative.ca\/International\/wp-json\/wp\/v2\/tags?post=62087"}],"curies":[{"name":"wp","href":"https:\/\/api.w.org\/{rel}","templated":true}]}}