{"id":62091,"date":"2019-09-23T15:33:11","date_gmt":"2019-09-23T19:33:11","guid":{"rendered":"https:\/\/linitiative.ca\/International\/boudjema-talai-ecroue-a-la-prison-del-harrach\/"},"modified":"2019-09-23T15:33:11","modified_gmt":"2019-09-23T19:33:11","slug":"boudjema-talai-ecroue-a-la-prison-del-harrach","status":"publish","type":"post","link":"https:\/\/linitiative.ca\/International\/boudjema-talai-ecroue-a-la-prison-del-harrach\/","title":{"rendered":"Boudjema Tala\u00ef \u00e9crou\u00e9 \u00e0 la prison d&rsquo;El Harrach"},"content":{"rendered":"<p>Le conseiller rapporteur de la Cour supr\u00eame a d\u00e9cid\u00e9,ce lundi, de placer l\u2019ancien ministre des Travaux publics et des Transports, Boudjema Tala\u00ef, en d\u00e9tention provisoire \u00e0 l\u2019\u00e9tablissement p\u00e9nitentiaire d\u2019El Harrach.<\/p>\n<p>L\u2019incarc\u00e9ration de Boudjema Tala\u00ef est intervenue apr\u00e8s une audition qui a dur\u00e9 quatre heures.<\/p>\n<p>L\u2019ex-ministre est poursuivi pour plusieurs chefs d\u2019inculpation, entre autres pour trafic d\u2019influence, abus d\u2019autorit\u00e9, utilisation de la profession \u00e0 des fins personnelles et d\u00e9tournement de deniers publics.<\/p>\n<p>L\u2019ex-ministre, qui a travaill\u00e9 sous la coupe d\u2019Abdelmalek Sellal, lui aussi inculp\u00e9 et incarc\u00e9r\u00e9, est par ailleurs poursuivi pour octroi d\u2019indus avantages et abus de fonction.<\/p>\n<p>Il est en outre poursuivi pour avoir octroy\u00e9 des avantages au groupe ETRHB d\u2019Ali Haddad.<\/p>\n<p>L\u2019affaire concerne principalement l\u2019octroi au groupe d\u2019Ali Haddad du projet ferroviaire reliant Relizane, le sud de Tiaret et la wilaya de Tissemsilt.<\/p>\n<p>Pour rappel, Boudjema Tala\u00ef, d\u00e9put\u00e9 FLN d\u2019Annaba, a renonc\u00e9 volontairement \u00e0 son immunit\u00e9 parlementaire en juin dernier.<\/p>\n<p>Le procureur de la R\u00e9publique du tribunal de Sidi M\u2019Hamed, en l\u2019occurrence Fay\u00e7al Ben Daas, a \u00e9t\u00e9 saisi du dossier du ministre objet de l\u2019instruction judiciaire.<\/p>\n<p>Il convient de signaler que Boudjema Tala\u00ef vient s\u2019ajouter \u00e0 la liste des deux ex-Premiers ministres Abdelmalek Sellal et Ahmed Ouyahia et des autres ex-ministres incarc\u00e9r\u00e9s \u00e0 la prison d\u2019El Harrach, \u00e0 l\u2019instar de Djamel Ould Abb\u00e8s, Amar Ghoul, Abdelghani Za\u00e2lane, Amara Benyoun\u00e8s, Sa\u00efd Barkat et Moussa Benhamadi, et des hommes d\u2019affaires inculp\u00e9s et emprisonn\u00e9s tels que Abderrahmane Benhamadi, Issad Rebrab, Mahieddine Tahkout et Ali Haddad. D\u2019anciens ministres et des hommes d\u2019affaires et d\u2019anciens d\u00e9put\u00e9s vont \u00eatre d\u00e9f\u00e9r\u00e9s incessamment devant rle conseiller rapporteur de la Cour supr\u00eame et le procureur de la R\u00e9publique du tribunal de Sidi M\u2019Hamed pour r\u00e9pondre aux graves accusations retenues contre eux au cours des enqu\u00eates pr\u00e9liminaires.<\/p>\n<p>Auteur: Boudjedri<br \/>\n<a href=\"http:\/\/www.jeune-independant.net\/Boudjema-Talai-ecroue-a-la-prison.html\">Cliquez ici pour lire l&rsquo;article depuis sa source.<\/a><\/p>\n","protected":false},"excerpt":{"rendered":"<p>Le conseiller rapporteur de la Cour supr\u00eame a d\u00e9cid\u00e9,ce lundi, de placer l\u2019ancien ministre des Travaux publics et des Transports, Boudjema Tala\u00ef, en d\u00e9tention provisoire \u00e0 l\u2019\u00e9tablissement p\u00e9nitentiaire d\u2019El Harrach. L\u2019incarc\u00e9ration de Boudjema Tala\u00ef est intervenue apr\u00e8s une audition qui a dur\u00e9 quatre heures. L\u2019ex-ministre est poursuivi pour plusieurs chefs d\u2019inculpation, entre autres pour trafic [&hellip;]<\/p>\n","protected":false},"author":1737,"featured_media":0,"comment_status":"closed","ping_status":"closed","sticky":false,"template":"","format":"standard","meta":{"fifu_image_url":"","fifu_image_alt":"","footnotes":""},"categories":[73,53],"tags":[],"class_list":["post-62091","post","type-post","status-publish","format-standard","hentry","category-actualite","category-algerie"],"_links":{"self":[{"href":"https:\/\/linitiative.ca\/International\/wp-json\/wp\/v2\/posts\/62091","targetHints":{"allow":["GET"]}}],"collection":[{"href":"https:\/\/linitiative.ca\/International\/wp-json\/wp\/v2\/posts"}],"about":[{"href":"https:\/\/linitiative.ca\/International\/wp-json\/wp\/v2\/types\/post"}],"author":[{"embeddable":true,"href":"https:\/\/linitiative.ca\/International\/wp-json\/wp\/v2\/users\/1737"}],"replies":[{"embeddable":true,"href":"https:\/\/linitiative.ca\/International\/wp-json\/wp\/v2\/comments?post=62091"}],"version-history":[{"count":0,"href":"https:\/\/linitiative.ca\/International\/wp-json\/wp\/v2\/posts\/62091\/revisions"}],"wp:attachment":[{"href":"https:\/\/linitiative.ca\/International\/wp-json\/wp\/v2\/media?parent=62091"}],"wp:term":[{"taxonomy":"category","embeddable":true,"href":"https:\/\/linitiative.ca\/International\/wp-json\/wp\/v2\/categories?post=62091"},{"taxonomy":"post_tag","embeddable":true,"href":"https:\/\/linitiative.ca\/International\/wp-json\/wp\/v2\/tags?post=62091"}],"curies":[{"name":"wp","href":"https:\/\/api.w.org\/{rel}","templated":true}]}}