{"id":62093,"date":"2019-09-23T10:35:00","date_gmt":"2019-09-23T14:35:00","guid":{"rendered":"https:\/\/linitiative.ca\/International\/the-white-coat-ceremony-une-tradition-symbolique-qui-a-marque-la-rentree-universitaire-a-la-faculte-de-medecine-de-tunis\/"},"modified":"2019-09-23T10:35:00","modified_gmt":"2019-09-23T14:35:00","slug":"the-white-coat-ceremony-une-tradition-symbolique-qui-a-marque-la-rentree-universitaire-a-la-faculte-de-medecine-de-tunis","status":"publish","type":"post","link":"https:\/\/linitiative.ca\/International\/the-white-coat-ceremony-une-tradition-symbolique-qui-a-marque-la-rentree-universitaire-a-la-faculte-de-medecine-de-tunis\/","title":{"rendered":"The White Coat Ceremony: une tradition symbolique qui a marqu\u00e9 la rentr\u00e9e universitaire \u00e0 la facult\u00e9 de m\u00e9decine de Tunis"},"content":{"rendered":"<p>Depuis la nuit des temps, les m\u00e9decins portent la blouse blanche pour se prot\u00e9ger eux-m\u00eames, mais aussi pour prot\u00e9ger leurs patients des \u00e9ventuels risques de contamination dans les milieux de soins. Comme l\u2019affirme le penseur humaniste italien de la Renaissance <span class=\"c2\"><em><strong>Machiavel<\/strong><\/em><\/span> \u00abIl faut conna\u00eetre le pass\u00e9, car les \u00e9v\u00e9nements de ce monde ont en tout temps des liens aux temps qui les ont pr\u00e9c\u00e9d\u00e9s\u00bb, un petit aper\u00e7u historique s\u2019impose ! En effet, le port de la blouse blanche revient au fait que les nonnes, autrefois seules \u00e0 pouvoir prodiguer des soins aux malades, avaient l\u2019habitude de porter des v\u00eatements blancs. D\u2019o\u00f9 a pris naissance la notion de port de la blouse blanche par les enseignants.<\/p>\n<p>Bien qu\u2019elle soit ancr\u00e9e dans les traditions des facult\u00e9s de m\u00e9decine am\u00e9ricaines, la <em><span class=\"c2\"><strong>c\u00e9r\u00e9monie de la blouse blanche (White Coat Ceremony : WCC)<\/strong><\/span><\/em> est une premi\u00e8re en Tunisie. Sa premi\u00e8re \u00e9dition a eu lieu le 18 Septembre 2019 \u00e0 la <em><span class=\"c2\"><strong>Facult\u00e9 de M\u00e9decine de Tunis (FMT).<\/strong><\/span><\/em><\/p>\n<p><img decoding=\"async\" src=\"\/uploads\/FCK_files\/1(64).jpg\" width=\"100%\" vspace=\"5\" hspace=\"5\" align=\"middle\" alt=\"\"\/><\/p>\n<p class=\"c4\"><strong><span class=\"c3\"><em>Les enseignants en train de faire porter les blouses blanches aux \u00e9tudiants..<\/em><\/span><\/strong><\/p>\n<p>Ce rituel, riche en tradition et en symbolisme, marque pour les \u00e9tudiants en m\u00e9decine de par le monde, le vrai commencement de la carri\u00e8re m\u00e9dicale par le passage des \u00e9tudes pr\u00e9cliniques aux sciences pratiques. Il a pour but de cr\u00e9er un contrat psychologique et \u00e9thique de la profession m\u00e9dicale et de favoriser l\u2019empathie dans la pratique de la m\u00e9decine d\u00e8s le d\u00e9but de la formation m\u00e9dicale.<br \/>Ce programme a \u00e9t\u00e9 initi\u00e9 par <span class=\"c2\"><em><strong>Hygie Club<\/strong><\/em><\/span> (un club fond\u00e9 par une vingtaine de jeunes \u00e9tudiants et ayant pour dessein ultime de promouvoir l\u2019\u00e9thique m\u00e9dicale au sein des milieux de soins) en collaboration <span class=\"c2\"><em><strong>avec le d\u00e9canat, la direction des stages, le comit\u00e9 d&rsquo;\u00e9thique, le comit\u00e9 p\u00e9dagogique et l&rsquo;universit\u00e9 de Tunis El Manar.<\/strong><\/em><\/span><\/p>\n<p>La c\u00e9r\u00e9monie a d\u00e9but\u00e9 par une allocution du doyen de la facult\u00e9 de m\u00e9decine <span class=\"c2\"><em><strong>Pr. Mohamed Jouini<\/strong><\/em><\/span> qui a mis l&rsquo;accent sur l&rsquo;importance de l&rsquo;\u00e9thique m\u00e9dicale et de l&#8217;empathie dans la pratique de la m\u00e9decine, rappelant que la formation initiale et continue \u00e0 l&rsquo;\u00e9thique m\u00e9dicale est une priorit\u00e9 \u00e9ducative de la Facult\u00e9. Cet enseignement fait aujourd\u2019hui partie de plein droit du programme d\u2019enseignement d\u00e8s le <span class=\"c2\"><em><strong>Premier Cycle des \u00c9tudes M\u00e9dicales 1 (PCEM1)<\/strong><\/em><\/span> afin de cr\u00e9er une g\u00e9n\u00e9ration de jeunes m\u00e9decins conscients des enjeux \u00e9thiques de la pratique clinique.<\/p>\n<p>Les organisateurs, les \u00e9l\u00e8ves, ainsi que les invit\u00e9s d\u2019honneur se sont ensuite prononc\u00e9s pour parler de la profession de m\u00e9decin, de l\u2019\u00e9thique m\u00e9dicale, ainsi que de la vie associative. Ces discours \u00e9taient suivis d\u2019une c\u00e9l\u00e9bration symbolique durant laquelle les m\u00e9decins, ainsi que le Doyen de la facult\u00e9 avaient accueilli les \u00e9tudiants externes en leur mettant leurs blouses, geste qui est cens\u00e9 donner confiance \u00e0 l\u2019\u00e9tudiant mais qui est aussi cens\u00e9 lui dire \u00abBienvenue parmi nous cher coll\u00e8gue, \u00e0 toi d\u2019assumer et d\u2019assurer ton r\u00f4le en tant que m\u00e9decin\u00bb.<\/p>\n<p>De surcroit, les membres de Hygie Club ont distribu\u00e9 \u00e0 chaque nouvel externe \u00able guide de l\u2019externe\u00bb: un carnet qui promet les bonnes attitudes dans les terrains de stages et songe \u00e0 donner naissance \u00e0 une m\u00e9decine plus \u00e9thique.<\/p>\n<p><img decoding=\"async\" src=\"\/uploads\/FCK_files\/2(61).jpg\" width=\"100%\" vspace=\"5\" hspace=\"5\" align=\"middle\" alt=\"\"\/><\/p>\n<p class=\"c4\"><span class=\"c3\"><strong><em>Le guide de l\u2019externe.<\/em><\/strong><\/span><\/p>\n<p class=\"c5\">La c\u00e9r\u00e9monie a \u00e9t\u00e9 cl\u00f4tur\u00e9e par une lecture collective de la charte \u00e9thique de l\u2019\u00e9tudiant de la Facult\u00e9 de M\u00e9decine de Tunis (une version concise du serment d\u2019Hippocrate).<\/p>\n<p class=\"c5\"><img decoding=\"async\" src=\"\/uploads\/FCK_files\/3(41).jpg\" width=\"100%\" vspace=\"5\" hspace=\"5\" align=\"middle\" alt=\"\"\/><\/p>\n<p class=\"c4\"><span class=\"c3\"><strong><em>La lecture collective de la charte de l\u2019\u00e9tudiant de la Facult\u00e9 de M\u00e9decine de Tunis.<\/em><\/strong><\/span><\/p>\n<p class=\"c5\">Pourvu que la WCC devienne une tradition, non seulement \u00e0 la Facult\u00e9 de M\u00e9decine de Tunis, mais \u00e9galement dans toutes les autres facult\u00e9s de m\u00e9decine et \u00e9coles de sant\u00e9 tunisiennes. Et pourvu que les \u00e9tudiants de cette prestigieuse facult\u00e9 ne cessent de nous \u00e9blouir par leur cr\u00e9ativit\u00e9 sans limites palpables ! C\u2019est absolument gr\u00e2ce \u00e0 ce genre d\u2019initiatives que l\u2019Universit\u00e9 de Tunis El-Manar tr\u00f4ne le <em><span class=\"c2\"><strong>classement Shanghai 2019<\/strong><\/span><\/em> en \u00e9tant class\u00e9e premi\u00e8re au Maghreb, 11\u00e8me en Afrique et 10\u00e8me dans le monde arabe.<\/p>\n<ul>\n<li><span class=\"c2\"><strong>Pr Mohamed Jouini;<\/strong><\/span> Doyen de la Facult\u00e9 de M\u00e9decine de Tunis<\/li>\n<li><span class=\"c2\"><strong>Pr Mohamed H\u00e9di Loueslati;<\/strong><\/span> Responsable du Comit\u00e9 de P\u00e9dagogie<\/li>\n<li><span class=\"c2\"><strong>Pr Lilia Zakhama;<\/strong><\/span> Directrice des stages<\/li>\n<li><span class=\"c2\"><strong>Pr Ag Houcine Maghrebi;<\/strong><\/span> Membre du conseil scientifique<\/li>\n<li><span class=\"c2\"><strong>Pr Ag Rym Rafrafi;<\/strong><\/span> Responsable du comit\u00e9 d\u2019\u00e9thique<\/li>\n<li><span class=\"c2\"><strong>Marouen Zouari;<\/strong><\/span> \u00c9tudiant \u00e0 la Facult\u00e9 de M\u00e9decine de Tunis et membre de Hygie Club<\/li>\n<li><span class=\"c2\"><strong>Oumayma Ben Othman;<\/strong><\/span>\u00a0 \u00c9tudiante \u00e0 la Facult\u00e9 de M\u00e9decine de Tunis et fondatrice de Hygie Club<br \/>\u00a0<\/li>\n<\/ul>\n<p>Auteur:<br \/>\n<a href=\"https:\/\/www.leaders.com.tn\/article\/28036-the-white-coat-ceremony-une-tradition-symbolique-qui-a-marque-la-rentree-universitaire-a-la-faculte-de-medecine-de-tunis\">Cliquez ici pour lire l&rsquo;article depuis sa source.<\/a><\/p>\n","protected":false},"excerpt":{"rendered":"<p>Depuis la nuit des temps, les m\u00e9decins portent la blouse blanche pour se prot\u00e9ger eux-m\u00eames, mais aussi pour prot\u00e9ger leurs patients des \u00e9ventuels risques de contamination dans les milieux de soins. Comme l\u2019affirme le penseur humaniste italien de la Renaissance Machiavel \u00abIl faut conna\u00eetre le pass\u00e9, car les \u00e9v\u00e9nements de ce monde ont en tout [&hellip;]<\/p>\n","protected":false},"author":1772,"featured_media":62094,"comment_status":"closed","ping_status":"closed","sticky":false,"template":"","format":"standard","meta":{"fifu_image_url":"","fifu_image_alt":"","footnotes":""},"categories":[73,55],"tags":[],"class_list":["post-62093","post","type-post","status-publish","format-standard","has-post-thumbnail","hentry","category-actualite","category-tunisie"],"_links":{"self":[{"href":"https:\/\/linitiative.ca\/International\/wp-json\/wp\/v2\/posts\/62093","targetHints":{"allow":["GET"]}}],"collection":[{"href":"https:\/\/linitiative.ca\/International\/wp-json\/wp\/v2\/posts"}],"about":[{"href":"https:\/\/linitiative.ca\/International\/wp-json\/wp\/v2\/types\/post"}],"author":[{"embeddable":true,"href":"https:\/\/linitiative.ca\/International\/wp-json\/wp\/v2\/users\/1772"}],"replies":[{"embeddable":true,"href":"https:\/\/linitiative.ca\/International\/wp-json\/wp\/v2\/comments?post=62093"}],"version-history":[{"count":0,"href":"https:\/\/linitiative.ca\/International\/wp-json\/wp\/v2\/posts\/62093\/revisions"}],"wp:featuredmedia":[{"embeddable":true,"href":"https:\/\/linitiative.ca\/International\/wp-json\/"}],"wp:attachment":[{"href":"https:\/\/linitiative.ca\/International\/wp-json\/wp\/v2\/media?parent=62093"}],"wp:term":[{"taxonomy":"category","embeddable":true,"href":"https:\/\/linitiative.ca\/International\/wp-json\/wp\/v2\/categories?post=62093"},{"taxonomy":"post_tag","embeddable":true,"href":"https:\/\/linitiative.ca\/International\/wp-json\/wp\/v2\/tags?post=62093"}],"curies":[{"name":"wp","href":"https:\/\/api.w.org\/{rel}","templated":true}]}}