{"id":62095,"date":"2019-09-23T11:37:00","date_gmt":"2019-09-23T15:37:00","guid":{"rendered":"https:\/\/linitiative.ca\/International\/qui-est-chafik-hajji-nouvel-ambassadeur-de-tunisie-a-alger\/"},"modified":"2019-09-23T11:37:00","modified_gmt":"2019-09-23T15:37:00","slug":"qui-est-chafik-hajji-nouvel-ambassadeur-de-tunisie-a-alger","status":"publish","type":"post","link":"https:\/\/linitiative.ca\/International\/qui-est-chafik-hajji-nouvel-ambassadeur-de-tunisie-a-alger\/","title":{"rendered":"Qui est Chafik Hajji, nouvel ambassadeur de Tunisie \u00e0 Alger"},"content":{"rendered":"<p>C\u2019est un bon connaisseur de l\u2019Alg\u00e9rie et l\u2019un des meilleurs sp\u00e9cialistes du Maghreb, l\u2019ambassadeur Chafik Hajji, que la Tunisie a d\u00e9sign\u00e9 \u00e0 la t\u00eate de notre ambassade \u00e0 Alger. Jusque-l\u00e0 secr\u00e9taire g\u00e9n\u00e9ral du minist\u00e8re des Affaires \u00e9trang\u00e8res, il avait \u00e9t\u00e9 ambassadeur \u00e0 Nouakchott, puis \u00e0 Rabat. Diplomate de carri\u00e8re, ministre pl\u00e9nipotentiaire, l\u2019ambassadeur Hajji avait d\u00e9j\u00e0 \u00e9t\u00e9 en poste \u00e0 Alger, en qualit\u00e9 de conseiller d\u2019ambassade, et premier adjoint du temps notamment de l\u2019inoubliable ambassadeur Fadhel Khelil. Avant sa nomination au poste d&rsquo;ambassadeur \u00e0 Alger, Chafik\u00a0 Hajji \u00e9tait Directeur de l&rsquo;Union Maghr\u00e9bine Arabe, au sein de la direction g\u00e9n\u00e9rale pour le monde arabe et le monde islamique.<br \/>\u00a0<\/p>\n<p>Auteur:<br \/>\n<a href=\"https:\/\/www.leaders.com.tn\/article\/28037-chafik-hajji\">Cliquez ici pour lire l&rsquo;article depuis sa source.<\/a><\/p>\n","protected":false},"excerpt":{"rendered":"<p>C\u2019est un bon connaisseur de l\u2019Alg\u00e9rie et l\u2019un des meilleurs sp\u00e9cialistes du Maghreb, l\u2019ambassadeur Chafik Hajji, que la Tunisie a d\u00e9sign\u00e9 \u00e0 la t\u00eate de notre ambassade \u00e0 Alger. Jusque-l\u00e0 secr\u00e9taire g\u00e9n\u00e9ral du minist\u00e8re des Affaires \u00e9trang\u00e8res, il avait \u00e9t\u00e9 ambassadeur \u00e0 Nouakchott, puis \u00e0 Rabat. Diplomate de carri\u00e8re, ministre pl\u00e9nipotentiaire, l\u2019ambassadeur Hajji avait d\u00e9j\u00e0 [&hellip;]<\/p>\n","protected":false},"author":1772,"featured_media":0,"comment_status":"closed","ping_status":"closed","sticky":false,"template":"","format":"standard","meta":{"fifu_image_url":"","fifu_image_alt":"","footnotes":""},"categories":[73,55],"tags":[],"class_list":["post-62095","post","type-post","status-publish","format-standard","hentry","category-actualite","category-tunisie"],"_links":{"self":[{"href":"https:\/\/linitiative.ca\/International\/wp-json\/wp\/v2\/posts\/62095","targetHints":{"allow":["GET"]}}],"collection":[{"href":"https:\/\/linitiative.ca\/International\/wp-json\/wp\/v2\/posts"}],"about":[{"href":"https:\/\/linitiative.ca\/International\/wp-json\/wp\/v2\/types\/post"}],"author":[{"embeddable":true,"href":"https:\/\/linitiative.ca\/International\/wp-json\/wp\/v2\/users\/1772"}],"replies":[{"embeddable":true,"href":"https:\/\/linitiative.ca\/International\/wp-json\/wp\/v2\/comments?post=62095"}],"version-history":[{"count":0,"href":"https:\/\/linitiative.ca\/International\/wp-json\/wp\/v2\/posts\/62095\/revisions"}],"wp:attachment":[{"href":"https:\/\/linitiative.ca\/International\/wp-json\/wp\/v2\/media?parent=62095"}],"wp:term":[{"taxonomy":"category","embeddable":true,"href":"https:\/\/linitiative.ca\/International\/wp-json\/wp\/v2\/categories?post=62095"},{"taxonomy":"post_tag","embeddable":true,"href":"https:\/\/linitiative.ca\/International\/wp-json\/wp\/v2\/tags?post=62095"}],"curies":[{"name":"wp","href":"https:\/\/api.w.org\/{rel}","templated":true}]}}