{"id":62096,"date":"2019-09-23T11:45:00","date_gmt":"2019-09-23T15:45:00","guid":{"rendered":"https:\/\/linitiative.ca\/International\/mohamed-ali-ben-abid-nouvel-ambassadeur-de-tunisie-a-buenos-aires\/"},"modified":"2019-09-23T11:45:00","modified_gmt":"2019-09-23T15:45:00","slug":"mohamed-ali-ben-abid-nouvel-ambassadeur-de-tunisie-a-buenos-aires","status":"publish","type":"post","link":"https:\/\/linitiative.ca\/International\/mohamed-ali-ben-abid-nouvel-ambassadeur-de-tunisie-a-buenos-aires\/","title":{"rendered":"Mohamed Ali Ben Abid, nouvel ambassadeur de Tunisie \u00e0 Buenos Aires"},"content":{"rendered":"<p>L\u2019Argentine a favorablement et r\u00e9pondu \u00e0 la demande d\u2019agr\u00e9ment introduite par la Tunisie pour la nomination de Mohamed Ali Ben Abid en qualit\u00e9 d\u2019ambassadeur \u00e0 Buenos-Aires. Diplomate de carri\u00e8re qui avait \u00e9t\u00e9 en poste notamment \u00e0 Addis-Abeba, le Caire et Rome, l\u2019ambassadeur Ben Abid, ministre pl\u00e9nipotentiaire, \u00e9tait jusque-l\u00e0 directeur du Protocole diplomatique. A ce titre, il avait contribu\u00e9 \u00e0 la t\u00eate de ses \u00e9quipes et en coordination avec le protocole pr\u00e9sidentiel, \u00e0 la r\u00e9ussite de nombre de visites officielles d\u2019\u00e9minentes personnalit\u00e9s \u00e9trang\u00e8res en Tunisie et tout r\u00e9cemment au sommet arabe, avec ses diff\u00e9rentes s\u00e9quences pr\u00e9paratoires, fin mars dernier.<\/p>\n<p>Les relations bilat\u00e9rales entre la Tunisie et l\u2019Argentine ont enregistr\u00e9 ses derni\u00e8res ann\u00e9es un raffermissement significatif, notamment \u00e0 la faveur d\u2019un \u00e9change de visite entre les chefs de la diplomatie des deux pays. C\u2019est ainsi que le ministre argentin des Relations ext\u00e9rieures et du Culte, Jorge Faurie, s\u2019\u00e9tait rendu \u00e0 Tunis le 2 avril 2018 et, en r\u00e9ponse, son homologue tunisien, Khemaies Jhinaoui <a href=\"https:\/\/www.leaders.com.tn\/article\/27065-la-tunisie-veut-conclure-un-accord-delibre-echange-avec-l-ensemble-economique-d-amerique-latine-mercosur\">a effectu\u00e9 les 6 et 7 mai dernier une visite officielle \u00e0 Buenos Aires<\/a>. \u00ab C\u2019est la premi\u00e8re depuis 24 ans, Habib Ben Yahya \u00e9tant le dernier chef de la diplomatie tunisienne \u00e0 s\u2019\u00eatre rendu en Argentine, en novembre 1995, <a href=\"https:\/\/www.leaders.com.tn\/article\/27028-tunisie-argentine-tango-d-or-a-buenos-aires-video\">avait alors soulign\u00e9 l\u2019ambassadeur d\u2019Argentine \u00e0 Tunis, Claudio Javier Rozencwaig<\/a>.<\/p>\n<p>Dans ses nouvelles fonctions en Argentine, l\u2019ambassadeur Mohamed Ali Ben Abid succ\u00e8de \u00e0 Hichem Bayoudh qui a cl\u00f4tur\u00e9 avec brio une affectation unanimement salu\u00e9. Signe d\u2019estime et de consid\u00e9ration, <a href=\"https:\/\/www.leaders.com.tn\/article\/27630-l-argentine-decerne-sa-plus-haute-decoration-a-l-ambassadeur-de-tunisie-hichem-bayoudh\">il a \u00e9t\u00e9 d\u00e9cor\u00e9<\/a> par le ministre argentin des Relations ext\u00e9rieures, Jorge Faurie, du \u00ab\u00a0Grand Ordre du Libertador San Martin\u00a0\u00bb, la plus haute distinction en Argentine.<br \/>\u00a0<\/p>\n<p>Auteur:<br \/>\n<a href=\"https:\/\/www.leaders.com.tn\/article\/28039-mohamed-ali-ben-abid\">Cliquez ici pour lire l&rsquo;article depuis sa source.<\/a><\/p>\n","protected":false},"excerpt":{"rendered":"<p>L\u2019Argentine a favorablement et r\u00e9pondu \u00e0 la demande d\u2019agr\u00e9ment introduite par la Tunisie pour la nomination de Mohamed Ali Ben Abid en qualit\u00e9 d\u2019ambassadeur \u00e0 Buenos-Aires. Diplomate de carri\u00e8re qui avait \u00e9t\u00e9 en poste notamment \u00e0 Addis-Abeba, le Caire et Rome, l\u2019ambassadeur Ben Abid, ministre pl\u00e9nipotentiaire, \u00e9tait jusque-l\u00e0 directeur du Protocole diplomatique. A ce titre, [&hellip;]<\/p>\n","protected":false},"author":1772,"featured_media":0,"comment_status":"closed","ping_status":"closed","sticky":false,"template":"","format":"standard","meta":{"fifu_image_url":"","fifu_image_alt":"","footnotes":""},"categories":[73,55],"tags":[],"class_list":["post-62096","post","type-post","status-publish","format-standard","hentry","category-actualite","category-tunisie"],"_links":{"self":[{"href":"https:\/\/linitiative.ca\/International\/wp-json\/wp\/v2\/posts\/62096","targetHints":{"allow":["GET"]}}],"collection":[{"href":"https:\/\/linitiative.ca\/International\/wp-json\/wp\/v2\/posts"}],"about":[{"href":"https:\/\/linitiative.ca\/International\/wp-json\/wp\/v2\/types\/post"}],"author":[{"embeddable":true,"href":"https:\/\/linitiative.ca\/International\/wp-json\/wp\/v2\/users\/1772"}],"replies":[{"embeddable":true,"href":"https:\/\/linitiative.ca\/International\/wp-json\/wp\/v2\/comments?post=62096"}],"version-history":[{"count":0,"href":"https:\/\/linitiative.ca\/International\/wp-json\/wp\/v2\/posts\/62096\/revisions"}],"wp:attachment":[{"href":"https:\/\/linitiative.ca\/International\/wp-json\/wp\/v2\/media?parent=62096"}],"wp:term":[{"taxonomy":"category","embeddable":true,"href":"https:\/\/linitiative.ca\/International\/wp-json\/wp\/v2\/categories?post=62096"},{"taxonomy":"post_tag","embeddable":true,"href":"https:\/\/linitiative.ca\/International\/wp-json\/wp\/v2\/tags?post=62096"}],"curies":[{"name":"wp","href":"https:\/\/api.w.org\/{rel}","templated":true}]}}