{"id":62099,"date":"2019-09-23T06:00:00","date_gmt":"2019-09-23T10:00:00","guid":{"rendered":"https:\/\/linitiative.ca\/International\/oeufs-mollets-aux-capres\/"},"modified":"2019-09-23T06:00:00","modified_gmt":"2019-09-23T10:00:00","slug":"oeufs-mollets-aux-capres","status":"publish","type":"post","link":"https:\/\/linitiative.ca\/International\/oeufs-mollets-aux-capres\/","title":{"rendered":"\u0152ufs mollets aux c\u00e2pres"},"content":{"rendered":"<p><em><strong>6 \u0153ufs, 500 g de petites pommes de terre, 1 c. \u00e0 s. de c\u00e2pres \u00e9goutt\u00e9s, 1 c. \u00e0 s. de persil cisel\u00e9, 3 c. \u00e0 s. de yaourt nature, 5 c. \u00e0 s. de mayonnaise, 1 c. \u00e0 c. de moutarde, sel, poivre du moulin<\/strong><\/em><br \/>Pelez les pommes de terre. Dans une casserole d\u2019eau froide<br \/>sal\u00e9e, faire cuire les pommes de terre pendant 20 minutes.<br \/>Dans une autre casserole d\u2019eau froide, mettez les \u0153ufs et portez \u00e0 \u00e9bullition.<br \/>A partir du premier fr\u00e9missement, comptez 5 minutes. Enlevez les \u0153ufs et passez-les sous l\u2019eau froide puis \u00e9calez-les.<br \/>Dans un bol, m\u00e9langez le yaourt, la moutarde, le persil, les c\u00e2pres hach\u00e9s, la mayonnaise, du sel et du poivre du moulin.\u00a0\u00a0<br \/>Sur une assiette, versez la sauce puis faites un lit de pommes de terre en coupant celles-ci en rondelles puis coupez les \u0153ufs mollets en deux. Servez ti\u00e8de.<\/p>\n<p>Auteur:<br \/>\n<a href=\"https:\/\/www.lesoirdalgerie.com\/femme-magazine\/oeufs-mollets-aux-capres-30638\">Cliquez ici pour lire l&rsquo;article depuis sa source.<\/a><\/p>\n","protected":false},"excerpt":{"rendered":"<p>6 \u0153ufs, 500 g de petites pommes de terre, 1 c. \u00e0 s. de c\u00e2pres \u00e9goutt\u00e9s, 1 c. \u00e0 s. de persil cisel\u00e9, 3 c. \u00e0 s. de yaourt nature, 5 c. \u00e0 s. de mayonnaise, 1 c. \u00e0 c. de moutarde, sel, poivre du moulinPelez les pommes de terre. Dans une casserole d\u2019eau froidesal\u00e9e, [&hellip;]<\/p>\n","protected":false},"author":1741,"featured_media":0,"comment_status":"closed","ping_status":"closed","sticky":false,"template":"","format":"standard","meta":{"fifu_image_url":"","fifu_image_alt":"","footnotes":""},"categories":[73,53],"tags":[],"class_list":["post-62099","post","type-post","status-publish","format-standard","hentry","category-actualite","category-algerie"],"_links":{"self":[{"href":"https:\/\/linitiative.ca\/International\/wp-json\/wp\/v2\/posts\/62099","targetHints":{"allow":["GET"]}}],"collection":[{"href":"https:\/\/linitiative.ca\/International\/wp-json\/wp\/v2\/posts"}],"about":[{"href":"https:\/\/linitiative.ca\/International\/wp-json\/wp\/v2\/types\/post"}],"author":[{"embeddable":true,"href":"https:\/\/linitiative.ca\/International\/wp-json\/wp\/v2\/users\/1741"}],"replies":[{"embeddable":true,"href":"https:\/\/linitiative.ca\/International\/wp-json\/wp\/v2\/comments?post=62099"}],"version-history":[{"count":0,"href":"https:\/\/linitiative.ca\/International\/wp-json\/wp\/v2\/posts\/62099\/revisions"}],"wp:attachment":[{"href":"https:\/\/linitiative.ca\/International\/wp-json\/wp\/v2\/media?parent=62099"}],"wp:term":[{"taxonomy":"category","embeddable":true,"href":"https:\/\/linitiative.ca\/International\/wp-json\/wp\/v2\/categories?post=62099"},{"taxonomy":"post_tag","embeddable":true,"href":"https:\/\/linitiative.ca\/International\/wp-json\/wp\/v2\/tags?post=62099"}],"curies":[{"name":"wp","href":"https:\/\/api.w.org\/{rel}","templated":true}]}}