{"id":62102,"date":"2019-09-23T06:00:00","date_gmt":"2019-09-23T10:00:00","guid":{"rendered":"https:\/\/linitiative.ca\/International\/quels-sont-les-troubles-visuels-que-lon-peut-attribuer-aux-ecrans\/"},"modified":"2019-09-23T06:00:00","modified_gmt":"2019-09-23T10:00:00","slug":"quels-sont-les-troubles-visuels-que-lon-peut-attribuer-aux-ecrans","status":"publish","type":"post","link":"https:\/\/linitiative.ca\/International\/quels-sont-les-troubles-visuels-que-lon-peut-attribuer-aux-ecrans\/","title":{"rendered":"Quels sont les troubles visuels que l\u2019on peut attribuer aux \u00e9crans ?"},"content":{"rendered":"<p><a href=\"\/profil\/hakim-laalam\"\/><\/p>\n<p class=\"type-text\">Pousse avec eux<\/p>\n<p class=\"author-date\"><a href=\"\/profil\/hakim-laalam\"><strong>Hakim La\u00e2lam<\/strong><\/a> &#8211; 23\/09\/2019<\/p>\n<p><a href=\"\/pousse-avec-eux\/blonde-ou-brune-30641\"\/><\/p>\n<p class=\"title-text\">Blonde ou brune ?<\/p>\n<p><a href=\"\/pousse-avec-eux\/blonde-ou-brune-30641\"\/><\/p>\n<p class=\"paragraph\">A trop nous braquer sur des sujets p\u00e9riph\u00e9riques, sur des histoires de manifs, d\u2019arrestations et d\u2019embastillement, nous sommes pass\u00e9s \u00e0 c\u00f4t\u00e9, compl\u00e8tement \u00e0 c\u00f4t\u00e9 du SUJET ! The sujet ! C\u2019est dire si nous sommes aveugl\u00e9s ces<\/p>\n<p>Auteur:<br \/>\n<a href=\"https:\/\/www.lesoirdalgerie.com\/femme-magazine\/quels-sont-les-troubles-visuels-que-lon-peut-attribuer-aux-ecrans-30635\">Cliquez ici pour lire l&rsquo;article depuis sa source.<\/a><\/p>\n","protected":false},"excerpt":{"rendered":"<p>Pousse avec eux Hakim La\u00e2lam &#8211; 23\/09\/2019 Blonde ou brune ? A trop nous braquer sur des sujets p\u00e9riph\u00e9riques, sur des histoires de manifs, d\u2019arrestations et d\u2019embastillement, nous sommes pass\u00e9s \u00e0 c\u00f4t\u00e9, compl\u00e8tement \u00e0 c\u00f4t\u00e9 du SUJET ! The sujet ! C\u2019est dire si nous sommes aveugl\u00e9s ces Auteur: Cliquez ici pour lire l&rsquo;article depuis [&hellip;]<\/p>\n","protected":false},"author":1741,"featured_media":0,"comment_status":"closed","ping_status":"closed","sticky":false,"template":"","format":"standard","meta":{"fifu_image_url":"","fifu_image_alt":"","footnotes":""},"categories":[73,53],"tags":[],"class_list":["post-62102","post","type-post","status-publish","format-standard","hentry","category-actualite","category-algerie"],"_links":{"self":[{"href":"https:\/\/linitiative.ca\/International\/wp-json\/wp\/v2\/posts\/62102","targetHints":{"allow":["GET"]}}],"collection":[{"href":"https:\/\/linitiative.ca\/International\/wp-json\/wp\/v2\/posts"}],"about":[{"href":"https:\/\/linitiative.ca\/International\/wp-json\/wp\/v2\/types\/post"}],"author":[{"embeddable":true,"href":"https:\/\/linitiative.ca\/International\/wp-json\/wp\/v2\/users\/1741"}],"replies":[{"embeddable":true,"href":"https:\/\/linitiative.ca\/International\/wp-json\/wp\/v2\/comments?post=62102"}],"version-history":[{"count":0,"href":"https:\/\/linitiative.ca\/International\/wp-json\/wp\/v2\/posts\/62102\/revisions"}],"wp:attachment":[{"href":"https:\/\/linitiative.ca\/International\/wp-json\/wp\/v2\/media?parent=62102"}],"wp:term":[{"taxonomy":"category","embeddable":true,"href":"https:\/\/linitiative.ca\/International\/wp-json\/wp\/v2\/categories?post=62102"},{"taxonomy":"post_tag","embeddable":true,"href":"https:\/\/linitiative.ca\/International\/wp-json\/wp\/v2\/tags?post=62102"}],"curies":[{"name":"wp","href":"https:\/\/api.w.org\/{rel}","templated":true}]}}