{"id":62104,"date":"2019-09-23T08:58:26","date_gmt":"2019-09-23T12:58:26","guid":{"rendered":"https:\/\/linitiative.ca\/International\/distribution-un-nouvel-ecrin-pour-mazda-a-casablanca\/"},"modified":"2019-09-23T08:58:26","modified_gmt":"2019-09-23T12:58:26","slug":"distribution-un-nouvel-ecrin-pour-mazda-a-casablanca","status":"publish","type":"post","link":"https:\/\/linitiative.ca\/International\/distribution-un-nouvel-ecrin-pour-mazda-a-casablanca\/","title":{"rendered":"Distribution : Un nouvel \u00e9crin pour Mazda \u00e0 Casablanca"},"content":{"rendered":"<p><strong>Filiale du Groupe Smeia, Jama Auto, l\u2019importateur attitr\u00e9 de Mazda dans le Royaume, compte inaugurer sous peu un nouveau showroom d\u00e9di\u00e9 \u00e0 la marque japonaise.<\/strong><\/p>\n<div class=\"c10\"\/>\n<p>Implant\u00e9 \u00e0 proximit\u00e9 du si\u00e8ge social de Smeia, situ\u00e9 sur la route c\u00f4ti\u00e8re de Mohammedia, cette plateforme r\u00e9pondra parfaitement, selon le staff local de la marque, aux standards internationaux du constructeur nippon. Ce qui se traduira par un concept architectural innovant, des espaces annonc\u00e9s comme \u00e9tant chaleureux et raffin\u00e9s, ainsi qu\u2019un service de qualit\u00e9 premium. L\u2019op\u00e9rateur pr\u00e9cise \u00e9galement que les visiteurs pourront, en toute convivialit\u00e9, \u00e9voluer dans un \u00e9difice d\u2019une superficie de 900 m<sup>\u00b2<\/sup>, dont 500 m<sup>2<\/sup> sera d\u00e9di\u00e9e \u00e0 l\u2019exposition des v\u00e9hicules neufs et les 400 m<sup>2<\/sup> restants \u00e0 la r\u00e9ception des clients du service apr\u00e8s-vente.<\/p>\n<p>\u00c0 cet effet, une \u00e9quipe de conseillers commerciaux et de conseillers de service form\u00e9s aux standards internationaux de Mazda se tiendra \u00e0 la disposition des clients professionnels et des particuliers afin de les orienter au mieux et de garantir une qualit\u00e9 de service r\u00e9pondant parfaitement \u00e0 leurs besoins. Aussi, cette nouvelle plateforme sera un lieu de d\u00e9couverte du design et de la performance des mod\u00e8les phares de la marque, dixit Jama Auto, dont la Mazda 3, le CX-3, la Mazda 6 et le nouveau CX-5. \u00c0 noter que plusieurs nouveaut\u00e9s au rayon SUV chez Mazda devraient venir \u00e9toffer la gamme de l\u2019importateur local, dont le nouveau le CX-30 et le CX-8. En outre, Jama Auto ajoute que les clients pourront r\u00e9server un essai des mod\u00e8les de la gamme via un parc de v\u00e9hicules de d\u00e9monstration d\u00e9di\u00e9 sur place.<\/p>\n<p>Faut-il pr\u00e9ciser que dans le cadre de la strat\u00e9gie de l\u2019importateur local qui place le client au centre de ses int\u00e9r\u00eats, le d\u00e9veloppement du blason Mazda dans le Royaume s\u2019articulera autour de trois piliers, \u00e0 savoir le lancement de nouveaux produits, l\u2019extension du r\u00e9seau de distribution et la formation continue des ressources humaines conform\u00e9ment aux standards de la marque\u00a0; l\u2019objectif \u00e9tant de fid\u00e9liser et de r\u00e9pondre au mieux aux attentes de la client\u00e8le actuelle et future.<\/p>\n<div class=\"c17\">\n<fieldset class=\"c16\">\n<legend><strong><span class=\"c11\">Challenge<\/span><span class=\"c12\">news<\/span><\/strong><\/legend>\n<div class=\"c15\">Le meilleur de la r\u00e9daction s\u00e9lectionn\u00e9 par Challenge :<\/p>\n<\/div>\n<\/fieldset>\n<\/div>\n<p>Auteur: David J\u00e9r\u00e9mie<br \/>\n<a href=\"https:\/\/www.challenge.ma\/distribution-un-nouvel-ecrin-pour-mazda-a-casablanca-118138\/\">Cliquez ici pour lire l&rsquo;article depuis sa source.<\/a><\/p>\n","protected":false},"excerpt":{"rendered":"<p>Filiale du Groupe Smeia, Jama Auto, l\u2019importateur attitr\u00e9 de Mazda dans le Royaume, compte inaugurer sous peu un nouveau showroom d\u00e9di\u00e9 \u00e0 la marque japonaise. Implant\u00e9 \u00e0 proximit\u00e9 du si\u00e8ge social de Smeia, situ\u00e9 sur la route c\u00f4ti\u00e8re de Mohammedia, cette plateforme r\u00e9pondra parfaitement, selon le staff local de la marque, aux standards internationaux du [&hellip;]<\/p>\n","protected":false},"author":1787,"featured_media":0,"comment_status":"closed","ping_status":"closed","sticky":false,"template":"","format":"standard","meta":{"fifu_image_url":"","fifu_image_alt":"","footnotes":""},"categories":[78,54],"tags":[],"class_list":["post-62104","post","type-post","status-publish","format-standard","hentry","category-economie","category-maroc"],"_links":{"self":[{"href":"https:\/\/linitiative.ca\/International\/wp-json\/wp\/v2\/posts\/62104","targetHints":{"allow":["GET"]}}],"collection":[{"href":"https:\/\/linitiative.ca\/International\/wp-json\/wp\/v2\/posts"}],"about":[{"href":"https:\/\/linitiative.ca\/International\/wp-json\/wp\/v2\/types\/post"}],"author":[{"embeddable":true,"href":"https:\/\/linitiative.ca\/International\/wp-json\/wp\/v2\/users\/1787"}],"replies":[{"embeddable":true,"href":"https:\/\/linitiative.ca\/International\/wp-json\/wp\/v2\/comments?post=62104"}],"version-history":[{"count":0,"href":"https:\/\/linitiative.ca\/International\/wp-json\/wp\/v2\/posts\/62104\/revisions"}],"wp:attachment":[{"href":"https:\/\/linitiative.ca\/International\/wp-json\/wp\/v2\/media?parent=62104"}],"wp:term":[{"taxonomy":"category","embeddable":true,"href":"https:\/\/linitiative.ca\/International\/wp-json\/wp\/v2\/categories?post=62104"},{"taxonomy":"post_tag","embeddable":true,"href":"https:\/\/linitiative.ca\/International\/wp-json\/wp\/v2\/tags?post=62104"}],"curies":[{"name":"wp","href":"https:\/\/api.w.org\/{rel}","templated":true}]}}