{"id":62113,"date":"2019-09-23T16:49:21","date_gmt":"2019-09-23T20:49:21","guid":{"rendered":"https:\/\/linitiative.ca\/International\/tunisie-les-partis-de-la-famille-centriste-rejettent-lappel-de-chahed-a-l-union-sacree\/"},"modified":"2019-09-23T16:49:21","modified_gmt":"2019-09-23T20:49:21","slug":"tunisie-les-partis-de-la-famille-centriste-rejettent-lappel-de-chahed-a-l-union-sacree","status":"publish","type":"post","link":"https:\/\/linitiative.ca\/International\/tunisie-les-partis-de-la-famille-centriste-rejettent-lappel-de-chahed-a-l-union-sacree\/","title":{"rendered":"Tunisie\u00a0: Les partis de la \u00ab\u00a0Famille centriste\u00a0\u00bb rejettent l\u2019appel de Chahed \u00e0 l\u2019\u00a0\u00ab\u00a0Union sacr\u00e9e\u00a0\u00bb"},"content":{"rendered":"<div class=\"post-cont-in left relative\">\n<div class=\"swp_social_panel swp_horizontal_panel swp_flat_fresh swp_default_full_color swp_individual_full_color swp_other_full_color scale-100 scale-\" data-min-width=\"1100\" data-float-color=\"#ffffff\" data-float=\"none\" data-float-mobile=\"none\" data-transition=\"slide\">\n<div class=\"nc_tweetContainer swp_share_button total_shares total_sharesalt\"><span class=\"swp_count\">10 <span class=\"swp_label\">Partages<\/span><\/span><\/div>\n<\/div>\n<p>Suite \u00e0 l\u2019appel lanc\u00e9 par Youssef Chahed, apr\u00e8s la d\u00e9route des candidats de la famille centriste d\u00e9mocrate, dans le premier tour des \u00e9lections pr\u00e9sidentielles, \u00e0 la r\u00e9unification des composantes de cette famille pour \u00ab\u00a0sauver la Tunisie\u00a0\u00bb, et pour constituer une majorit\u00e9 parlementaire capable de gouverner, les r\u00e9ponses des diff\u00e9rents repr\u00e9sentants des partis composant cette famille ont \u00e9t\u00e9 invariables.<\/p>\n<p>Ainsi, aussi bien pour Mongi Harbaoui de Nidaa Tounes, que pour Hsouna Nasfi d\u2019Al Machrou3, et pour Wa\u00eal Haddad d\u2019Al Bdil, l\u2019appel lanc\u00e9 par Chahed vient tr\u00e8s en retard, et ne peut \u00eatre consid\u00e9r\u00e9 que comme un discours \u00e9lectoral, sans suite dans le faits.<\/p>\n<div class=\"code-block code-block-1 c3\"><ins class=\"adsbygoogle c2\" data-ad-layout=\"in-article\" data-ad-format=\"fluid\" data-ad-client=\"ca-pub-2102118777505746\" data-ad-slot=\"7301775417\"\/> <\/div>\n<p>Ils ont rappel\u00e9 qu\u2019ils ont, tous, cherch\u00e9 avant les \u00e9lections, \u00e0 r\u00e9unir les rangs de la famille centriste, mais que ces appels ont but\u00e9 sur l\u2019\u00e9go\u00efsme et les \u00e9troits calculs d\u2019int\u00e9r\u00eats personnels.<\/p>\n<p>Ils ont, n\u00e9anmoins r\u00e9pondu que la r\u00e9unification de cette famille pourrait \u00eatre envisageable apr\u00e8s les \u00e9lections, pour s\u2019assurer une certaine majorit\u00e9 au Bardo.<\/p>\n<p><strong>Que se passe-t-il en Tunisie?<\/strong><br \/>Nous expliquons sur notre <a href=\"https:\/\/www.youtube.com\/channel\/UCRzypVq0B_yBad5eGrwBx0Q?sub_confirmation=1\" target=\"_blank\" rel=\"noopener noreferrer\">cha\u00eene YouTube<\/a> . <a href=\"https:\/\/www.youtube.com\/channel\/UCRzypVq0B_yBad5eGrwBx0Q?sub_confirmation=1\" target=\"_blank\" rel=\"noopener noreferrer\">Abonnez-vous!<\/a><\/p>\n<div class=\"mvp-org-wrap mvp-org-logo\" itemprop=\"publisher\" itemscope=\"\" itemtype=\"https:\/\/schema.org\/Organization\">\n<p><img decoding=\"async\" src=\"https:\/\/www.tunisienumerique.com\/wp-content\/uploads\/2017\/02\/logo_tunisie_numerique.png\"\/><\/p>\n<\/div>\n<div class=\"swp_social_panel swp_horizontal_panel swp_flat_fresh swp_default_full_color swp_individual_full_color swp_other_full_color scale-100 scale-\" data-min-width=\"1100\" data-float-color=\"#ffffff\" data-float=\"none\" data-float-mobile=\"none\" data-transition=\"slide\">\n<div class=\"nc_tweetContainer swp_share_button total_shares total_sharesalt\"><span class=\"swp_count\">10 <span class=\"swp_label\">Partages<\/span><\/span><\/div>\n<\/div>\n<div class=\"mvp-related-posts left relative\">\n<h4 class=\"post-header\"><span class=\"post-header\">Lire aussi<\/span><\/h4>\n<\/div>\n<\/div>\n<p>Auteur: LM<br \/>\n<a href=\"https:\/\/www.tunisienumerique.com\/tunisie-les-partis-de-la-famille-centriste-rejettent-lappel-de-chahed-a-l-union-sacree\/\">Cliquez ici pour lire l&rsquo;article depuis sa source.<\/a><\/p>\n","protected":false},"excerpt":{"rendered":"<p>10 Partages Suite \u00e0 l\u2019appel lanc\u00e9 par Youssef Chahed, apr\u00e8s la d\u00e9route des candidats de la famille centriste d\u00e9mocrate, dans le premier tour des \u00e9lections pr\u00e9sidentielles, \u00e0 la r\u00e9unification des composantes de cette famille pour \u00ab\u00a0sauver la Tunisie\u00a0\u00bb, et pour constituer une majorit\u00e9 parlementaire capable de gouverner, les r\u00e9ponses des diff\u00e9rents repr\u00e9sentants des partis composant [&hellip;]<\/p>\n","protected":false},"author":1789,"featured_media":62114,"comment_status":"closed","ping_status":"closed","sticky":false,"template":"","format":"standard","meta":{"fifu_image_url":"","fifu_image_alt":"","footnotes":""},"categories":[73,55],"tags":[],"class_list":["post-62113","post","type-post","status-publish","format-standard","has-post-thumbnail","hentry","category-actualite","category-tunisie"],"_links":{"self":[{"href":"https:\/\/linitiative.ca\/International\/wp-json\/wp\/v2\/posts\/62113","targetHints":{"allow":["GET"]}}],"collection":[{"href":"https:\/\/linitiative.ca\/International\/wp-json\/wp\/v2\/posts"}],"about":[{"href":"https:\/\/linitiative.ca\/International\/wp-json\/wp\/v2\/types\/post"}],"author":[{"embeddable":true,"href":"https:\/\/linitiative.ca\/International\/wp-json\/wp\/v2\/users\/1789"}],"replies":[{"embeddable":true,"href":"https:\/\/linitiative.ca\/International\/wp-json\/wp\/v2\/comments?post=62113"}],"version-history":[{"count":0,"href":"https:\/\/linitiative.ca\/International\/wp-json\/wp\/v2\/posts\/62113\/revisions"}],"wp:featuredmedia":[{"embeddable":true,"href":"https:\/\/linitiative.ca\/International\/wp-json\/"}],"wp:attachment":[{"href":"https:\/\/linitiative.ca\/International\/wp-json\/wp\/v2\/media?parent=62113"}],"wp:term":[{"taxonomy":"category","embeddable":true,"href":"https:\/\/linitiative.ca\/International\/wp-json\/wp\/v2\/categories?post=62113"},{"taxonomy":"post_tag","embeddable":true,"href":"https:\/\/linitiative.ca\/International\/wp-json\/wp\/v2\/tags?post=62113"}],"curies":[{"name":"wp","href":"https:\/\/api.w.org\/{rel}","templated":true}]}}