{"id":62117,"date":"2019-09-23T17:16:00","date_gmt":"2019-09-23T21:16:00","guid":{"rendered":"https:\/\/linitiative.ca\/International\/tunisie-une-autre-attaque-au-couteau-contre-un-agent-securitaire-a-sousse\/"},"modified":"2019-09-23T17:16:00","modified_gmt":"2019-09-23T21:16:00","slug":"tunisie-une-autre-attaque-au-couteau-contre-un-agent-securitaire-a-sousse","status":"publish","type":"post","link":"https:\/\/linitiative.ca\/International\/tunisie-une-autre-attaque-au-couteau-contre-un-agent-securitaire-a-sousse\/","title":{"rendered":"Tunisie\u00a0: Une autre attaque au couteau contre un agent s\u00e9curitaire \u00e0 Sousse\u00a0?"},"content":{"rendered":"<div class=\"post-cont-in left relative\">\n<div class=\"swp_social_panel swp_horizontal_panel swp_flat_fresh swp_default_full_color swp_individual_full_color swp_other_full_color scale-100 scale-\" data-min-width=\"1100\" data-float-color=\"#ffffff\" data-float=\"none\" data-float-mobile=\"none\" data-transition=\"slide\">\n<div class=\"nc_tweetContainer swp_share_button total_shares total_sharesalt\"><span class=\"swp_count\">1 <span class=\"swp_label\">Partages<\/span><\/span><\/div>\n<\/div>\n<p>Le syndicat des forces de s\u00e9curit\u00e9 int\u00e9rieure \u00e0 Sousse a d\u00e9menti les rumeurs faisant \u00e9tat d\u2019une attaque au couteau contre un agent de police \u00e0 Sousse.<\/p>\n<p>Le porte parole du syndicat a expliqu\u00e9 qu\u2019une patrouille a arr\u00eat\u00e9, ce matin, dans le cadre d\u2019un contr\u00f4le de routine, une voiture, \u00e0 bord de laquelle il y avait plusieurs individus. L\u2019un de ces individus a ouvert la porti\u00e8re de la voiture et a pris la fuite. Les policiers l\u2019ont rattrap\u00e9 et encercl\u00e9 dans la cage d\u2019escalier d\u2019un immeuble. C\u2019est alors, que l\u2019individu a sorti de sa poche un couteau, pour essayer de dissuader les policer de l\u2019appr\u00e9hender\u00a0; Mais il a, vite, \u00e9t\u00e9 ma\u00eetris\u00e9.<\/p>\n<div class=\"code-block code-block-1 c3\"><ins class=\"adsbygoogle c2\" data-ad-layout=\"in-article\" data-ad-format=\"fluid\" data-ad-client=\"ca-pub-2102118777505746\" data-ad-slot=\"7301775417\"\/> <\/div>\n<p><strong>Que se passe-t-il en Tunisie?<\/strong><br \/>Nous expliquons sur notre <a href=\"https:\/\/www.youtube.com\/channel\/UCRzypVq0B_yBad5eGrwBx0Q?sub_confirmation=1\" target=\"_blank\" rel=\"noopener noreferrer\">cha\u00eene YouTube<\/a> . <a href=\"https:\/\/www.youtube.com\/channel\/UCRzypVq0B_yBad5eGrwBx0Q?sub_confirmation=1\" target=\"_blank\" rel=\"noopener noreferrer\">Abonnez-vous!<\/a><\/p>\n<div class=\"mvp-org-wrap mvp-org-logo\" itemprop=\"publisher\" itemscope=\"\" itemtype=\"https:\/\/schema.org\/Organization\">\n<p><img decoding=\"async\" src=\"https:\/\/www.tunisienumerique.com\/wp-content\/uploads\/2017\/02\/logo_tunisie_numerique.png\"\/><\/p>\n<\/div>\n<div class=\"swp_social_panel swp_horizontal_panel swp_flat_fresh swp_default_full_color swp_individual_full_color swp_other_full_color scale-100 scale-\" data-min-width=\"1100\" data-float-color=\"#ffffff\" data-float=\"none\" data-float-mobile=\"none\" data-transition=\"slide\">\n<div class=\"nc_tweetContainer swp_share_button total_shares total_sharesalt\"><span class=\"swp_count\">1 <span class=\"swp_label\">Partages<\/span><\/span><\/div>\n<\/div>\n<div class=\"mvp-related-posts left relative\">\n<h4 class=\"post-header\"><span class=\"post-header\">Lire aussi<\/span><\/h4>\n<\/div>\n<\/div>\n<p>Auteur: LM<br \/>\n<a href=\"https:\/\/www.tunisienumerique.com\/tunisie-une-autre-attaque-au-couteau-contre-un-agent-securitaire-a-sousse\/\">Cliquez ici pour lire l&rsquo;article depuis sa source.<\/a><\/p>\n","protected":false},"excerpt":{"rendered":"<p>1 Partages Le syndicat des forces de s\u00e9curit\u00e9 int\u00e9rieure \u00e0 Sousse a d\u00e9menti les rumeurs faisant \u00e9tat d\u2019une attaque au couteau contre un agent de police \u00e0 Sousse. Le porte parole du syndicat a expliqu\u00e9 qu\u2019une patrouille a arr\u00eat\u00e9, ce matin, dans le cadre d\u2019un contr\u00f4le de routine, une voiture, \u00e0 bord de laquelle il [&hellip;]<\/p>\n","protected":false},"author":1789,"featured_media":62118,"comment_status":"closed","ping_status":"closed","sticky":false,"template":"","format":"standard","meta":{"fifu_image_url":"","fifu_image_alt":"","footnotes":""},"categories":[73,55],"tags":[],"class_list":["post-62117","post","type-post","status-publish","format-standard","has-post-thumbnail","hentry","category-actualite","category-tunisie"],"_links":{"self":[{"href":"https:\/\/linitiative.ca\/International\/wp-json\/wp\/v2\/posts\/62117","targetHints":{"allow":["GET"]}}],"collection":[{"href":"https:\/\/linitiative.ca\/International\/wp-json\/wp\/v2\/posts"}],"about":[{"href":"https:\/\/linitiative.ca\/International\/wp-json\/wp\/v2\/types\/post"}],"author":[{"embeddable":true,"href":"https:\/\/linitiative.ca\/International\/wp-json\/wp\/v2\/users\/1789"}],"replies":[{"embeddable":true,"href":"https:\/\/linitiative.ca\/International\/wp-json\/wp\/v2\/comments?post=62117"}],"version-history":[{"count":0,"href":"https:\/\/linitiative.ca\/International\/wp-json\/wp\/v2\/posts\/62117\/revisions"}],"wp:featuredmedia":[{"embeddable":true,"href":"https:\/\/linitiative.ca\/International\/wp-json\/"}],"wp:attachment":[{"href":"https:\/\/linitiative.ca\/International\/wp-json\/wp\/v2\/media?parent=62117"}],"wp:term":[{"taxonomy":"category","embeddable":true,"href":"https:\/\/linitiative.ca\/International\/wp-json\/wp\/v2\/categories?post=62117"},{"taxonomy":"post_tag","embeddable":true,"href":"https:\/\/linitiative.ca\/International\/wp-json\/wp\/v2\/tags?post=62117"}],"curies":[{"name":"wp","href":"https:\/\/api.w.org\/{rel}","templated":true}]}}